{"id":14670,"date":"2023-03-17T16:10:44","date_gmt":"2023-03-17T16:10:44","guid":{"rendered":"https:\/\/www.lodelmomentoloja.com\/?p=14670"},"modified":"2023-03-17T21:11:59","modified_gmt":"2023-03-17T21:11:59","slug":"expresidente-de-ecuador-a-la-corte-nacional","status":"publish","type":"post","link":"https:\/\/www.lodelmomentoloja.com\/?p=14670","title":{"rendered":"Expresidente de Ecuador a la Corte Nacional"},"content":{"rendered":"<p>\ud83d\ude31\ud83e\uddd1\ud83c\udffb\u200d\u2696\ufe0f\ud83d\udcc4 \u00a1A la corte! Len\u00edn Moreno, expresidente de la Rep\u00fablica y procesado por su presunta participaci\u00f3n en el caso Sinohydro, tendr\u00e1 que presentarse en la Corte Nacional de Justicia, en Quito, este 20 de marzo de 2023, tras el rechazo de habeas corpus preventivo interpuesta por la defensa del exmandatario.<\/p>\n<p>www.lodelmomentoloja.com<br \/>\n#LDMnoticias #lodelmomentolojaLDM<\/p>\n","protected":false},"excerpt":{"rendered":"<p>\ud83d\ude31\ud83e\uddd1\ud83c\udffb\u200d\u2696\ufe0f\ud83d\udcc4 \u00a1A la corte! Len\u00edn Moreno, expresidente de la Rep\u00fablica y procesado por su presunta&#8230;<\/p>\n","protected":false},"author":1,"featured_media":14672,"comment_status":"open","ping_status":"open","sticky":false,"template":"","format":"standard","meta":{"footnotes":""},"categories":[7,1,4],"tags":[],"class_list":["post-14670","post","type-post","status-publish","format-standard","has-post-thumbnail","hentry","category-ecuador","category-inicio","category-internacional"],"_links":{"self":[{"href":"https:\/\/www.lodelmomentoloja.com\/index.php?rest_route=\/wp\/v2\/posts\/14670"}],"collection":[{"href":"https:\/\/www.lodelmomentoloja.com\/index.php?rest_route=\/wp\/v2\/posts"}],"about":[{"href":"https:\/\/www.lodelmomentoloja.com\/index.php?rest_route=\/wp\/v2\/types\/post"}],"author":[{"embeddable":true,"href":"https:\/\/www.lodelmomentoloja.com\/index.php?rest_route=\/wp\/v2\/users\/1"}],"replies":[{"embeddable":true,"href":"https:\/\/www.lodelmomentoloja.com\/index.php?rest_route=%2Fwp%2Fv2%2Fcomments&post=14670"}],"version-history":[{"count":1,"href":"https:\/\/www.lodelmomentoloja.com\/index.php?rest_route=\/wp\/v2\/posts\/14670\/revisions"}],"predecessor-version":[{"id":14673,"href":"https:\/\/www.lodelmomentoloja.com\/index.php?rest_route=\/wp\/v2\/posts\/14670\/revisions\/14673"}],"wp:featuredmedia":[{"embeddable":true,"href":"https:\/\/www.lodelmomentoloja.com\/index.php?rest_route=\/wp\/v2\/media\/14672"}],"wp:attachment":[{"href":"https:\/\/www.lodelmomentoloja.com\/index.php?rest_route=%2Fwp%2Fv2%2Fmedia&parent=14670"}],"wp:term":[{"taxonomy":"category","embeddable":true,"href":"https:\/\/www.lodelmomentoloja.com\/index.php?rest_route=%2Fwp%2Fv2%2Fcategories&post=14670"},{"taxonomy":"post_tag","embeddable":true,"href":"https:\/\/www.lodelmomentoloja.com\/index.php?rest_route=%2Fwp%2Fv2%2Ftags&post=14670"}],"curies":[{"name":"wp","href":"https:\/\/api.w.org\/{rel}","templated":true}]}}