{"id":14655,"date":"2023-03-16T18:17:57","date_gmt":"2023-03-16T18:17:57","guid":{"rendered":"https:\/\/www.lodelmomentoloja.com\/?p=14655"},"modified":"2023-03-16T23:19:22","modified_gmt":"2023-03-16T23:19:22","slug":"se-oficializa-el-juicio-politico-contra-guillermo-lasso","status":"publish","type":"post","link":"https:\/\/www.lodelmomentoloja.com\/?p=14655","title":{"rendered":"Se oficializa el juicio pol\u00edtico contra Guillermo Lasso"},"content":{"rendered":"<p>\u00a1Juicio es oficial! Con un total de 58 firmas de respaldo de los asamble\u00edstas, se oficializa el juicio pol\u00edtico en contra del presidente de la Rep\u00fablica, Guillermo Lasso, por la causal 2 del art. 129 de la Constituci\u00f3n. Como proponentes, seg\u00fan el documento que circul\u00f3 constan los asamble\u00edstas Viviana Veloz (UNES), Pedro Zapata (PSC), Mireya Pazmi\u00f1o (Pachakutik) y Rodrigo Fajardo (ID)<\/p>\n<p>Desde el pasado 4 de marzo, cuando se aprob\u00f3 el informe de la comisi\u00f3n ocasional que recomend\u00f3 un juicio pol\u00edtico al primer mandatario, las fuerzas pol\u00edticas anunciaron que presentar\u00e1n el pedido de interpelaci\u00f3n bajo dos causales (Delito de concusi\u00f3n y peculado en empresas p\u00fablicas).<\/p>\n<p>www.lodelmomentoloja.com<br \/>\n#LDMnoticias #lodelmomentolojaLDM<\/p>\n","protected":false},"excerpt":{"rendered":"<p>\u00a1Juicio es oficial! Con un total de 58 firmas de respaldo de los asamble\u00edstas, se&#8230;<\/p>\n","protected":false},"author":1,"featured_media":14656,"comment_status":"open","ping_status":"open","sticky":false,"template":"","format":"standard","meta":{"footnotes":""},"categories":[7,1],"tags":[],"class_list":["post-14655","post","type-post","status-publish","format-standard","has-post-thumbnail","hentry","category-ecuador","category-inicio"],"_links":{"self":[{"href":"https:\/\/www.lodelmomentoloja.com\/index.php?rest_route=\/wp\/v2\/posts\/14655"}],"collection":[{"href":"https:\/\/www.lodelmomentoloja.com\/index.php?rest_route=\/wp\/v2\/posts"}],"about":[{"href":"https:\/\/www.lodelmomentoloja.com\/index.php?rest_route=\/wp\/v2\/types\/post"}],"author":[{"embeddable":true,"href":"https:\/\/www.lodelmomentoloja.com\/index.php?rest_route=\/wp\/v2\/users\/1"}],"replies":[{"embeddable":true,"href":"https:\/\/www.lodelmomentoloja.com\/index.php?rest_route=%2Fwp%2Fv2%2Fcomments&post=14655"}],"version-history":[{"count":1,"href":"https:\/\/www.lodelmomentoloja.com\/index.php?rest_route=\/wp\/v2\/posts\/14655\/revisions"}],"predecessor-version":[{"id":14657,"href":"https:\/\/www.lodelmomentoloja.com\/index.php?rest_route=\/wp\/v2\/posts\/14655\/revisions\/14657"}],"wp:featuredmedia":[{"embeddable":true,"href":"https:\/\/www.lodelmomentoloja.com\/index.php?rest_route=\/wp\/v2\/media\/14656"}],"wp:attachment":[{"href":"https:\/\/www.lodelmomentoloja.com\/index.php?rest_route=%2Fwp%2Fv2%2Fmedia&parent=14655"}],"wp:term":[{"taxonomy":"category","embeddable":true,"href":"https:\/\/www.lodelmomentoloja.com\/index.php?rest_route=%2Fwp%2Fv2%2Fcategories&post=14655"},{"taxonomy":"post_tag","embeddable":true,"href":"https:\/\/www.lodelmomentoloja.com\/index.php?rest_route=%2Fwp%2Fv2%2Ftags&post=14655"}],"curies":[{"name":"wp","href":"https:\/\/api.w.org\/{rel}","templated":true}]}}