{"id":14598,"date":"2023-03-14T08:37:51","date_gmt":"2023-03-14T08:37:51","guid":{"rendered":"https:\/\/www.lodelmomentoloja.com\/?p=14598"},"modified":"2023-03-14T13:39:05","modified_gmt":"2023-03-14T13:39:05","slug":"una-decada-en-el-vaticano","status":"publish","type":"post","link":"https:\/\/www.lodelmomentoloja.com\/?p=14598","title":{"rendered":"Una d\u00e9cada en el Vaticano"},"content":{"rendered":"<p>\ud83d\ude4f\ud83c\udffb\ud83d\udd4d\ud83d\udd4a\ufe0f El pasado 13 de marzo del a\u00f1o 2013 fue cuando el jesuita argentino, Jorge Bergoglio, se convirti\u00f3 en el pont\u00edfice n\u00famero 266 de la iglesia cat\u00f3lica, al suceder al alem\u00e1n Benedicto XVI, el primer papa que renuncia desde la Edad Media.<\/p>\n<p>L\u00edder de una iglesia en crisis, el exarzobispo de Buenos Aires, un pastor que no formaba parte de la influyente Curia Romana, apost\u00f3 por la transparencia econ\u00f3mica y la \u2018tolerancia cero\u2019 ante los abusos sexuales, a la vez que respeta las posturas m\u00e1s tradicionales respecto al celibato, el aborto, el matrimonio gay y la homosexualidad.<\/p>\n<p>El papa argentino se identifica con una iglesia que pide ante todo justicia social, que defiende a los \u00faltimos, a los migrantes que huyen de la guerra y la miseria y que es sensible a la ecolog\u00eda y a la naturaleza.<\/p>\n<p>www.lodelmomentoloja.com<br \/>\n#LDMnoticias #lodelmomentolojaLDM<\/p>\n","protected":false},"excerpt":{"rendered":"<p>\ud83d\ude4f\ud83c\udffb\ud83d\udd4d\ud83d\udd4a\ufe0f El pasado 13 de marzo del a\u00f1o 2013 fue cuando el jesuita argentino, Jorge&#8230;<\/p>\n","protected":false},"author":1,"featured_media":14599,"comment_status":"open","ping_status":"open","sticky":false,"template":"","format":"standard","meta":{"footnotes":""},"categories":[1,4],"tags":[],"class_list":["post-14598","post","type-post","status-publish","format-standard","has-post-thumbnail","hentry","category-inicio","category-internacional"],"_links":{"self":[{"href":"https:\/\/www.lodelmomentoloja.com\/index.php?rest_route=\/wp\/v2\/posts\/14598"}],"collection":[{"href":"https:\/\/www.lodelmomentoloja.com\/index.php?rest_route=\/wp\/v2\/posts"}],"about":[{"href":"https:\/\/www.lodelmomentoloja.com\/index.php?rest_route=\/wp\/v2\/types\/post"}],"author":[{"embeddable":true,"href":"https:\/\/www.lodelmomentoloja.com\/index.php?rest_route=\/wp\/v2\/users\/1"}],"replies":[{"embeddable":true,"href":"https:\/\/www.lodelmomentoloja.com\/index.php?rest_route=%2Fwp%2Fv2%2Fcomments&post=14598"}],"version-history":[{"count":1,"href":"https:\/\/www.lodelmomentoloja.com\/index.php?rest_route=\/wp\/v2\/posts\/14598\/revisions"}],"predecessor-version":[{"id":14600,"href":"https:\/\/www.lodelmomentoloja.com\/index.php?rest_route=\/wp\/v2\/posts\/14598\/revisions\/14600"}],"wp:featuredmedia":[{"embeddable":true,"href":"https:\/\/www.lodelmomentoloja.com\/index.php?rest_route=\/wp\/v2\/media\/14599"}],"wp:attachment":[{"href":"https:\/\/www.lodelmomentoloja.com\/index.php?rest_route=%2Fwp%2Fv2%2Fmedia&parent=14598"}],"wp:term":[{"taxonomy":"category","embeddable":true,"href":"https:\/\/www.lodelmomentoloja.com\/index.php?rest_route=%2Fwp%2Fv2%2Fcategories&post=14598"},{"taxonomy":"post_tag","embeddable":true,"href":"https:\/\/www.lodelmomentoloja.com\/index.php?rest_route=%2Fwp%2Fv2%2Ftags&post=14598"}],"curies":[{"name":"wp","href":"https:\/\/api.w.org\/{rel}","templated":true}]}}