{"id":14587,"date":"2023-03-13T13:00:50","date_gmt":"2023-03-13T13:00:50","guid":{"rendered":"https:\/\/www.lodelmomentoloja.com\/?p=14587"},"modified":"2023-03-13T20:40:29","modified_gmt":"2023-03-13T20:40:29","slug":"a-periodista-de-ldm-le-otorgan-el-merito-periodistico-2023","status":"publish","type":"post","link":"https:\/\/www.lodelmomentoloja.com\/?p=14587","title":{"rendered":"A periodista de LDM le otorgan el m\u00e9rito period\u00edstico 2023."},"content":{"rendered":"<p>Este viernes 10 de marzo 2023, desde el auditorio Manuel Carri\u00f3n Pinzano, se llev\u00f3 la Trig\u00e9sima Edici\u00f3n de la Ceremonia de J\u00f3venes L\u00edderes Sobresalientes del 2023, aqu\u00ed, con presencia del Lic. Jos\u00e9 Luis Ojeda, director ejecutivo de Fundaci\u00f3n CAJE; Alicia Erazo, Alta Comisionada de los Derechos Humanos; Patricia Conde Monta\u00f1o, Embajadora de la Juventud del Ecuador ; Dasna Cueva, joven del a\u00f1o 2022-Cap\u00edtulo Loja; Juan Carlos Moreno, Coordinador Zonal 7 del Mies y Juan Carlos Zarzosa, Jefe Pol\u00edtico del cant\u00f3n Loja se realiz\u00f3 la actividad que dej\u00f3 varios m\u00e9ritos en diferentes \u00e1reas.<\/p>\n<p><strong>Los m\u00e9ritos otorgados en la XXXVIII edici\u00f3n 2023.<\/strong><\/p>\n<ul>\n<li>Ver\u00f3nica Capelo &#8211; Presea Joven del a\u00f1o 2023 (cap\u00edtulo Loja)<\/li>\n<li>Monse\u00f1or Walter Heras &#8211; Orden Caballero de la juventud.<\/li>\n<li><strong>John S. Lafebre &#8211; M\u00e9rito period\u00edstico 2023.<\/strong><\/li>\n<li>La Minga TV &#8211; M\u00e9rito Period\u00edstico 2023 categor\u00eda medio.<\/li>\n<li>Roberth Ord\u00f3\u00f1ez &#8211; M\u00e9rito Art\u00edstico 2023.<\/li>\n<li>Juan Sebasti\u00e1n Peralta &#8211; M\u00e9rito Cultural 2023.<\/li>\n<li>Juan Valdivieso y Andr\u00e9s Ru\u00edz &#8211; M\u00e9rito Emprendedor 2023.<\/li>\n<li>Ximena Valdivieso &#8211; M\u00e9rito Cient\u00edfico 2023.<\/li>\n<li>Omayck Valarezo &#8211; M\u00e9rito Creativo 2023.<\/li>\n<li>Danna Torres &#8211; M\u00e9rito Deportivo 2023.<\/li>\n<li>Nikol Cueva Ruilova &#8211; M\u00e9rito Disposici\u00f3n para ayudara los m\u00e1s necesitados.<\/li>\n<\/ul>\n<p>&nbsp;<\/p>\n<h4>El m\u00e9rito period\u00edstico 2023.<\/h4>\n<p><strong>John S. Lafebre, actual periodista de investigaci\u00f3n del medio de comunicaci\u00f3n digital LDM<\/strong> fue el galardonado de la jornada con el m\u00e9rito period\u00edstico 2023, esto, tr\u00e1s acumular <strong>m\u00e1s de 50 investigaciones period\u00edsticas a lo largo de sus 10 a\u00f1os<\/strong> en medios de comunicaci\u00f3n. Adem\u00e1s, es el fundador de &#8220;LO DEL MOMENTO LOJA&#8221; (LDM), el primer medio de comunicaci\u00f3n digital creado en la provincia que cuenta con el aval de la CORDICOM gracias a la reforma de la ley de comunicaci\u00f3n. En su labor period\u00edstica, Lafebre, ha recibido reconocimientos por varias instituciones p\u00fablicas, como el Consejo Nacional Electoral; Ministerio del Ambiente, Agua y Transici\u00f3n Ecol\u00f3gica; Instituto Ecuatoriano de Seguridad Social; empresas privadas; organizaciones culturales y musicales, acumulando m\u00e1s de 10 reconocimientos a su actividad profesional.<\/p>\n<p><img loading=\"lazy\" decoding=\"async\" class=\"alignnone wp-image-14589 size-large\" src=\"http:\/\/www.lodelmomentoloja.com\/wp-content\/uploads\/2023\/03\/335466684_763154205464041_1939197766790186493_n-1024x768.jpg\" alt=\"\" width=\"640\" height=\"480\" srcset=\"https:\/\/www.lodelmomentoloja.com\/wp-content\/uploads\/2023\/03\/335466684_763154205464041_1939197766790186493_n-1024x768.jpg 1024w, https:\/\/www.lodelmomentoloja.com\/wp-content\/uploads\/2023\/03\/335466684_763154205464041_1939197766790186493_n-300x225.jpg 300w, https:\/\/www.lodelmomentoloja.com\/wp-content\/uploads\/2023\/03\/335466684_763154205464041_1939197766790186493_n-768x576.jpg 768w, https:\/\/www.lodelmomentoloja.com\/wp-content\/uploads\/2023\/03\/335466684_763154205464041_1939197766790186493_n-640x480.jpg 640w, https:\/\/www.lodelmomentoloja.com\/wp-content\/uploads\/2023\/03\/335466684_763154205464041_1939197766790186493_n-1536x1152.jpg 1536w, https:\/\/www.lodelmomentoloja.com\/wp-content\/uploads\/2023\/03\/335466684_763154205464041_1939197766790186493_n.jpg 1600w\" sizes=\"(max-width: 640px) 100vw, 640px\" \/><\/p>\n<p>En lo profesional, la formaci\u00f3n no se ha detenido para el periodista lojano, ya que se encuentra cursando un master en comunicaci\u00f3n pol\u00edtica y marketing en la Universidad Internacional de la Rioja en Espa\u00f1a y tambi\u00e9n forma parte de la V edici\u00f3n de la Escuela Nacional de Formaci\u00f3n Pol\u00edtica, diplomado que otorga Fundaci\u00f3n CAJE, la Universidad Nacional de Loja, Universidad de Cuenca y el Consejo Nacional Electoral.<\/p>\n<p>&#8220;Llevo m\u00e1s de 10 a\u00f1os haciendo periodismo, con altos y bajos hemos dejado todo en la labor cuando hacemos las investigaciones, pese al sistema y la adversidad. Es muy duro hacer periodismo o vivir c\u00f3modamente al hacerlo pero el arte est\u00e1 siempre por delante y somos felices haciendo lo que nos gusta. Ojal\u00e1, nuestra provincia se llene de periodistas que investiguen y entreguemos un ba\u00f1o de verdad a la ciudadan\u00eda, porque un pa\u00eds sin verdad es preso de su pasado, quien no conoce su historia esta condenado a repetirla&#8221;, menciona John S. Lafebre al recibir el m\u00e9rito period\u00edstico del 2023.<\/p>\n<p><img loading=\"lazy\" decoding=\"async\" class=\"alignnone wp-image-14588 size-large\" src=\"http:\/\/www.lodelmomentoloja.com\/wp-content\/uploads\/2023\/03\/gfrdeswaq-753x1024.jpg\" alt=\"\" width=\"640\" height=\"870\" srcset=\"https:\/\/www.lodelmomentoloja.com\/wp-content\/uploads\/2023\/03\/gfrdeswaq-753x1024.jpg 753w, https:\/\/www.lodelmomentoloja.com\/wp-content\/uploads\/2023\/03\/gfrdeswaq-221x300.jpg 221w, https:\/\/www.lodelmomentoloja.com\/wp-content\/uploads\/2023\/03\/gfrdeswaq-768x1044.jpg 768w, https:\/\/www.lodelmomentoloja.com\/wp-content\/uploads\/2023\/03\/gfrdeswaq-640x870.jpg 640w, https:\/\/www.lodelmomentoloja.com\/wp-content\/uploads\/2023\/03\/gfrdeswaq-1130x1536.jpg 1130w, https:\/\/www.lodelmomentoloja.com\/wp-content\/uploads\/2023\/03\/gfrdeswaq-1507x2048.jpg 1507w, https:\/\/www.lodelmomentoloja.com\/wp-content\/uploads\/2023\/03\/gfrdeswaq-1024x1392.jpg 1024w, https:\/\/www.lodelmomentoloja.com\/wp-content\/uploads\/2023\/03\/gfrdeswaq-scaled.jpg 1884w\" sizes=\"(max-width: 640px) 100vw, 640px\" \/><\/p>\n<p><em>S\u00edguenos #LDMnoticias \u00f3 #lodelmomentolojaLDM<\/em><\/p>\n","protected":false},"excerpt":{"rendered":"<p>Este viernes 10 de marzo 2023, desde el auditorio Manuel Carri\u00f3n Pinzano, se llev\u00f3 la&#8230;<\/p>\n","protected":false},"author":1,"featured_media":14590,"comment_status":"open","ping_status":"open","sticky":false,"template":"","format":"standard","meta":{"footnotes":""},"categories":[1,5],"tags":[],"class_list":["post-14587","post","type-post","status-publish","format-standard","has-post-thumbnail","hentry","category-inicio","category-loja"],"_links":{"self":[{"href":"https:\/\/www.lodelmomentoloja.com\/index.php?rest_route=\/wp\/v2\/posts\/14587"}],"collection":[{"href":"https:\/\/www.lodelmomentoloja.com\/index.php?rest_route=\/wp\/v2\/posts"}],"about":[{"href":"https:\/\/www.lodelmomentoloja.com\/index.php?rest_route=\/wp\/v2\/types\/post"}],"author":[{"embeddable":true,"href":"https:\/\/www.lodelmomentoloja.com\/index.php?rest_route=\/wp\/v2\/users\/1"}],"replies":[{"embeddable":true,"href":"https:\/\/www.lodelmomentoloja.com\/index.php?rest_route=%2Fwp%2Fv2%2Fcomments&post=14587"}],"version-history":[{"count":1,"href":"https:\/\/www.lodelmomentoloja.com\/index.php?rest_route=\/wp\/v2\/posts\/14587\/revisions"}],"predecessor-version":[{"id":14591,"href":"https:\/\/www.lodelmomentoloja.com\/index.php?rest_route=\/wp\/v2\/posts\/14587\/revisions\/14591"}],"wp:featuredmedia":[{"embeddable":true,"href":"https:\/\/www.lodelmomentoloja.com\/index.php?rest_route=\/wp\/v2\/media\/14590"}],"wp:attachment":[{"href":"https:\/\/www.lodelmomentoloja.com\/index.php?rest_route=%2Fwp%2Fv2%2Fmedia&parent=14587"}],"wp:term":[{"taxonomy":"category","embeddable":true,"href":"https:\/\/www.lodelmomentoloja.com\/index.php?rest_route=%2Fwp%2Fv2%2Fcategories&post=14587"},{"taxonomy":"post_tag","embeddable":true,"href":"https:\/\/www.lodelmomentoloja.com\/index.php?rest_route=%2Fwp%2Fv2%2Ftags&post=14587"}],"curies":[{"name":"wp","href":"https:\/\/api.w.org\/{rel}","templated":true}]}}