{"id":14542,"date":"2023-03-09T10:38:48","date_gmt":"2023-03-09T10:38:48","guid":{"rendered":"https:\/\/www.lodelmomentoloja.com\/?p=14542"},"modified":"2023-03-09T15:40:25","modified_gmt":"2023-03-09T15:40:25","slug":"menores-maltratadas-en-cuenca-reciben-proteccion","status":"publish","type":"post","link":"https:\/\/www.lodelmomentoloja.com\/?p=14542","title":{"rendered":"Menores maltratadas en Cuenca, reciben protecci\u00f3n"},"content":{"rendered":"<p dir=\"ltr\">\ud83e\udd7a\ud83d\udc67\ud83c\udffb\ud83e\uddd1\ud83c\udffb\u200d\u2696\ufe0f \u00a1Recibir\u00e1n protecci\u00f3n! Ni\u00f1as maltratadas en cuenca reciben medidas de protecci\u00f3n.<\/p>\n<p dir=\"ltr\">En Cuenca se registr\u00f3 un nuevo caso de maltrato infantil. C\u00e1maras de seguridad captaron el momento en que una mujer actu\u00f3 de forma violenta con dos menores de edad. El hecho se registr\u00f3 el viernes 24 de febrero del 2023, pero se viraliz\u00f3 en las \u00faltimas horas en redes sociales.<\/p>\n<p dir=\"ltr\">En las im\u00e1genes se observa como la mujer act\u00faa de forma violenta. Primero toma de la mano a una de las ni\u00f1as y la empuja imprudentemente cerca de las escaleras para que salga del departamento, luego levanta a otra menor y la arroja fuertemente al suelo.<\/p>\n<p dir=\"ltr\">\u00abEsto horroriza y hace comprender el nivel de degradaci\u00f3n que puede llegar a tenerse en esta relaci\u00f3n de amor y ternura, que existe y debe seguir existiendo, entre padres e hijos. Esa actitud rebasa toda l\u00f3gica y todo comportamiento humano\u00bb, se\u00f1al\u00f3 el ministro de Inclusi\u00f3n Econ\u00f3mica y Social, Esteban Bernal, quien ratific\u00f3 que se trabajar\u00e1 con diferentes instituciones en este caso para iniciar los protocolos de protecci\u00f3n para las menores de edad.<\/p>\n<p dir=\"ltr\">La Coordinaci\u00f3n Zonal 6 del Ministerio de Inclusi\u00f3n Econ\u00f3mica y Social (MIES) coloc\u00f3 una denuncia en la Junta Cantonal de Protecci\u00f3n de Derechos de Cuenca. All\u00ed, se emitieron medidas cautelares a favor de las ni\u00f1as y dispuso acciones a las autoridades competentes.<\/p>\n<p dir=\"ltr\">La madre no podr\u00e1 acercarse a las dos ni\u00f1as y ser\u00e1n reubicadas con otros familiares. Adem\u00e1s, las menores de edad ingresar\u00e1n a un programa de acompa\u00f1amiento familiar y psicosocial, y las autoridades competentes iniciar\u00e1n una investigaci\u00f3n correspondiente.<\/p>\n<p dir=\"ltr\">#LDMnoticias #lodelmomentolojaLDM<\/p>\n","protected":false},"excerpt":{"rendered":"<p>\ud83e\udd7a\ud83d\udc67\ud83c\udffb\ud83e\uddd1\ud83c\udffb\u200d\u2696\ufe0f \u00a1Recibir\u00e1n protecci\u00f3n! Ni\u00f1as maltratadas en cuenca reciben medidas de protecci\u00f3n. En Cuenca se registr\u00f3&#8230;<\/p>\n","protected":false},"author":1,"featured_media":14543,"comment_status":"open","ping_status":"open","sticky":false,"template":"","format":"standard","meta":{"footnotes":""},"categories":[7,1],"tags":[],"class_list":["post-14542","post","type-post","status-publish","format-standard","has-post-thumbnail","hentry","category-ecuador","category-inicio"],"_links":{"self":[{"href":"https:\/\/www.lodelmomentoloja.com\/index.php?rest_route=\/wp\/v2\/posts\/14542"}],"collection":[{"href":"https:\/\/www.lodelmomentoloja.com\/index.php?rest_route=\/wp\/v2\/posts"}],"about":[{"href":"https:\/\/www.lodelmomentoloja.com\/index.php?rest_route=\/wp\/v2\/types\/post"}],"author":[{"embeddable":true,"href":"https:\/\/www.lodelmomentoloja.com\/index.php?rest_route=\/wp\/v2\/users\/1"}],"replies":[{"embeddable":true,"href":"https:\/\/www.lodelmomentoloja.com\/index.php?rest_route=%2Fwp%2Fv2%2Fcomments&post=14542"}],"version-history":[{"count":1,"href":"https:\/\/www.lodelmomentoloja.com\/index.php?rest_route=\/wp\/v2\/posts\/14542\/revisions"}],"predecessor-version":[{"id":14544,"href":"https:\/\/www.lodelmomentoloja.com\/index.php?rest_route=\/wp\/v2\/posts\/14542\/revisions\/14544"}],"wp:featuredmedia":[{"embeddable":true,"href":"https:\/\/www.lodelmomentoloja.com\/index.php?rest_route=\/wp\/v2\/media\/14543"}],"wp:attachment":[{"href":"https:\/\/www.lodelmomentoloja.com\/index.php?rest_route=%2Fwp%2Fv2%2Fmedia&parent=14542"}],"wp:term":[{"taxonomy":"category","embeddable":true,"href":"https:\/\/www.lodelmomentoloja.com\/index.php?rest_route=%2Fwp%2Fv2%2Fcategories&post=14542"},{"taxonomy":"post_tag","embeddable":true,"href":"https:\/\/www.lodelmomentoloja.com\/index.php?rest_route=%2Fwp%2Fv2%2Ftags&post=14542"}],"curies":[{"name":"wp","href":"https:\/\/api.w.org\/{rel}","templated":true}]}}