{"id":14473,"date":"2023-03-06T10:00:50","date_gmt":"2023-03-06T10:00:50","guid":{"rendered":"https:\/\/www.lodelmomentoloja.com\/?p=14473"},"modified":"2023-03-06T16:38:20","modified_gmt":"2023-03-06T16:38:20","slug":"patricia-picoita-muy-incomoda-con-el-oficio-del-nuevo-alcalde-de-loja","status":"publish","type":"post","link":"https:\/\/www.lodelmomentoloja.com\/?p=14473","title":{"rendered":"Patricia Picoita muy inc\u00f3moda con el oficio del nuevo alcalde de Loja."},"content":{"rendered":"<p>Patricia Picoita quien asume la Alcald\u00eda de Loja tras la muerte del exalcalde Bail\u00f3n est\u00e1 por culminar su periodo frente al Municipio por lo que corresponde el periodo de transici\u00f3n de la administraci\u00f3n con alcalde electo Franco Quezada, tras haber ganado la contienda electoral en las elecciones seccionales 2023, sin embargo, este proceso ha tra\u00eddo mal sabor de boca a Picoita tras haber recibido un<strong> oficio del alcalde electo en donde le hac\u00eda menci\u00f3n de varias cosas<\/strong> para llevar un cambio de administraci\u00f3n de forma ordenada, <strong>algo que no le cay\u00f3 bien a la autoridad saliente.<\/strong><\/p>\n<p>&#8220;Recib\u00ed un oficio del alcalde electo (Franco Quezada), da mucho que desear el oficio, siendo un alcalde no deber\u00eda dirigirse en esos t\u00e9rminos a mi persona. Yo he hecho una administraci\u00f3n muy responsable y transparente. Dejo un municipio estable gracias a mi gesti\u00f3n&#8221; manifest\u00f3 Patricia Picoita con mucha molestia e incomodidad al referirse al tema con medios de comunicaci\u00f3n en un acto institucional.<\/p>\n<p>&nbsp;<\/p>\n<p>Pero <strong>\u00bfCu\u00e1l es oficio que hizo incomodar a Patricia Picoita?<\/strong><\/p>\n<p>Franco Quezada, en calidad de alcalde electo, envi\u00f3 un oficio con fecha 22 de febrero del 2023 a la autoridad saliente, manifestando <strong>que deje las ataduras pol\u00edticas<\/strong> para llevar un cambio de administraci\u00f3n a la altura <strong>y sugiere evitar las contrataciones de obras y proveedores de \u00faltima hora que pudieran acarrear consecuencias<\/strong> que sean expuestas <strong>ante la Contralor\u00eda General del Estado<\/strong>, esto, en el marco de algunas supuestas denuncias que han envuelto a la instituci\u00f3n municipal.<\/p>\n<p><img loading=\"lazy\" decoding=\"async\" class=\"alignnone wp-image-14474 \" src=\"http:\/\/www.lodelmomentoloja.com\/wp-content\/uploads\/2023\/03\/gtfdeswaq-1024x686.jpg\" alt=\"\" width=\"794\" height=\"532\" srcset=\"https:\/\/www.lodelmomentoloja.com\/wp-content\/uploads\/2023\/03\/gtfdeswaq-1024x686.jpg 1024w, https:\/\/www.lodelmomentoloja.com\/wp-content\/uploads\/2023\/03\/gtfdeswaq-300x201.jpg 300w, https:\/\/www.lodelmomentoloja.com\/wp-content\/uploads\/2023\/03\/gtfdeswaq-768x514.jpg 768w, https:\/\/www.lodelmomentoloja.com\/wp-content\/uploads\/2023\/03\/gtfdeswaq-640x428.jpg 640w, https:\/\/www.lodelmomentoloja.com\/wp-content\/uploads\/2023\/03\/gtfdeswaq-1536x1028.jpg 1536w, https:\/\/www.lodelmomentoloja.com\/wp-content\/uploads\/2023\/03\/gtfdeswaq.jpg 1912w\" sizes=\"(max-width: 794px) 100vw, 794px\" \/><\/p>\n<p>En ese sentido, Franco Quezada, le pide celeridad en la estructuraci\u00f3n del equipo de transici\u00f3n para cruzar la informaci\u00f3n y as\u00ed poder iniciar lo antes posible en la soluci\u00f3n de algunos problemas que someten al cant\u00f3n Loja.<\/p>\n<p>&nbsp;<\/p>\n<p><em>S\u00edguenos #LDMnoticias \u00f3 #lodelmomentolojaLDM<\/em><\/p>\n","protected":false},"excerpt":{"rendered":"<p>Patricia Picoita quien asume la Alcald\u00eda de Loja tras la muerte del exalcalde Bail\u00f3n est\u00e1&#8230;<\/p>\n","protected":false},"author":1,"featured_media":14475,"comment_status":"open","ping_status":"open","sticky":false,"template":"","format":"standard","meta":{"footnotes":""},"categories":[1,5],"tags":[],"class_list":["post-14473","post","type-post","status-publish","format-standard","has-post-thumbnail","hentry","category-inicio","category-loja"],"_links":{"self":[{"href":"https:\/\/www.lodelmomentoloja.com\/index.php?rest_route=\/wp\/v2\/posts\/14473"}],"collection":[{"href":"https:\/\/www.lodelmomentoloja.com\/index.php?rest_route=\/wp\/v2\/posts"}],"about":[{"href":"https:\/\/www.lodelmomentoloja.com\/index.php?rest_route=\/wp\/v2\/types\/post"}],"author":[{"embeddable":true,"href":"https:\/\/www.lodelmomentoloja.com\/index.php?rest_route=\/wp\/v2\/users\/1"}],"replies":[{"embeddable":true,"href":"https:\/\/www.lodelmomentoloja.com\/index.php?rest_route=%2Fwp%2Fv2%2Fcomments&post=14473"}],"version-history":[{"count":2,"href":"https:\/\/www.lodelmomentoloja.com\/index.php?rest_route=\/wp\/v2\/posts\/14473\/revisions"}],"predecessor-version":[{"id":14477,"href":"https:\/\/www.lodelmomentoloja.com\/index.php?rest_route=\/wp\/v2\/posts\/14473\/revisions\/14477"}],"wp:featuredmedia":[{"embeddable":true,"href":"https:\/\/www.lodelmomentoloja.com\/index.php?rest_route=\/wp\/v2\/media\/14475"}],"wp:attachment":[{"href":"https:\/\/www.lodelmomentoloja.com\/index.php?rest_route=%2Fwp%2Fv2%2Fmedia&parent=14473"}],"wp:term":[{"taxonomy":"category","embeddable":true,"href":"https:\/\/www.lodelmomentoloja.com\/index.php?rest_route=%2Fwp%2Fv2%2Fcategories&post=14473"},{"taxonomy":"post_tag","embeddable":true,"href":"https:\/\/www.lodelmomentoloja.com\/index.php?rest_route=%2Fwp%2Fv2%2Ftags&post=14473"}],"curies":[{"name":"wp","href":"https:\/\/api.w.org\/{rel}","templated":true}]}}