{"id":14443,"date":"2023-03-03T09:30:08","date_gmt":"2023-03-03T09:30:08","guid":{"rendered":"https:\/\/www.lodelmomentoloja.com\/?p=14443"},"modified":"2023-03-03T14:33:02","modified_gmt":"2023-03-03T14:33:02","slug":"sicariato-en-hospital-de-ecuador","status":"publish","type":"post","link":"https:\/\/www.lodelmomentoloja.com\/?p=14443","title":{"rendered":"Sicariato en Hospital de Ecuador"},"content":{"rendered":"<p>\ud83d\ude31\ud83d\udd2b\ud83c\udfe5 Un nuevo sicariato se registr\u00f3 en Guayaquil, la tarde del Jueves 02 de marzo de 2023.<\/p>\n<p>Un sicario se visti\u00f3 de m\u00e9dico para ingresar al Hospital Albert Gilbert Pont\u00f3n, y terminar con la vida de un preso que estaba internado en esa casa de salud.<\/p>\n<p>El sicario burl\u00f3 la seguridad del hospital, subi\u00f3 hasta el cuarto piso y dispar\u00f3 varias veces contra el preso, que hab\u00eda llegado hace algunos d\u00edas por una herida de bala, tras sobrevivir a un intento de asesinato. Hoy, el sicario termin\u00f3 el trabajo fallido.<\/p>\n<p>Al escuchar los disparos, el personal m\u00e9dico se resguard\u00f3 de inmediato. Se activaron las alarmas y la Polic\u00eda Nacional lleg\u00f3 al lugar. Al interior del hospital hubo una balacera y dos personas, entre ellos un polic\u00eda, resultaron heridas y fueron intervenidas de inmediato.<\/p>\n<p>El hombre ingres\u00f3 por la puerta principal y subi\u00f3 hasta el cuarto piso, donde estaba internada la v\u00edctima. Seg\u00fan el gerente del hospital, Carlos Paz, el privado de libertad no ten\u00eda seguridad.<\/p>\n<p>Adem\u00e1s, relat\u00f3 que se activ\u00f3 el C\u00f3digo Plata, un conjunto de acciones interinstitucionales para garantizar la integridad del personal de salud y los pacientes que son atendidos en hospitales p\u00fablicos y privados del pa\u00eds, en donde se registran actos de violencia.<\/p>\n<p>Paz no entreg\u00f3 m\u00e1s detalles porque dijo que el hecho est\u00e1 en etapa de investigaci\u00f3n. Lo que s\u00ed, dijo que ning\u00fan paciente o personal del hospital result\u00f3 afectado. Sin embargo, lament\u00f3 que cada vez estos actos delictivos se vuelven m\u00e1s recurrentes y m\u00e1s planificados.<\/p>\n<p>Una vez consumado el crimen, el sicario sali\u00f3 de la habitaci\u00f3n y amenaz\u00f3 a todo el que se cruzaba por delante, para luego huir en una tricimoto. As\u00ed qued\u00f3 registrado en las c\u00e1maras de video.<\/p>\n<p>V\u00eda: Radio Pichincha<\/p>\n<p>#LDMnoticias #lodelmomentolojaLDM<\/p>\n","protected":false},"excerpt":{"rendered":"<p>\ud83d\ude31\ud83d\udd2b\ud83c\udfe5 Un nuevo sicariato se registr\u00f3 en Guayaquil, la tarde del Jueves 02 de marzo&#8230;<\/p>\n","protected":false},"author":1,"featured_media":14444,"comment_status":"open","ping_status":"open","sticky":false,"template":"","format":"standard","meta":{"footnotes":""},"categories":[7,1],"tags":[],"class_list":["post-14443","post","type-post","status-publish","format-standard","has-post-thumbnail","hentry","category-ecuador","category-inicio"],"_links":{"self":[{"href":"https:\/\/www.lodelmomentoloja.com\/index.php?rest_route=\/wp\/v2\/posts\/14443"}],"collection":[{"href":"https:\/\/www.lodelmomentoloja.com\/index.php?rest_route=\/wp\/v2\/posts"}],"about":[{"href":"https:\/\/www.lodelmomentoloja.com\/index.php?rest_route=\/wp\/v2\/types\/post"}],"author":[{"embeddable":true,"href":"https:\/\/www.lodelmomentoloja.com\/index.php?rest_route=\/wp\/v2\/users\/1"}],"replies":[{"embeddable":true,"href":"https:\/\/www.lodelmomentoloja.com\/index.php?rest_route=%2Fwp%2Fv2%2Fcomments&post=14443"}],"version-history":[{"count":1,"href":"https:\/\/www.lodelmomentoloja.com\/index.php?rest_route=\/wp\/v2\/posts\/14443\/revisions"}],"predecessor-version":[{"id":14445,"href":"https:\/\/www.lodelmomentoloja.com\/index.php?rest_route=\/wp\/v2\/posts\/14443\/revisions\/14445"}],"wp:featuredmedia":[{"embeddable":true,"href":"https:\/\/www.lodelmomentoloja.com\/index.php?rest_route=\/wp\/v2\/media\/14444"}],"wp:attachment":[{"href":"https:\/\/www.lodelmomentoloja.com\/index.php?rest_route=%2Fwp%2Fv2%2Fmedia&parent=14443"}],"wp:term":[{"taxonomy":"category","embeddable":true,"href":"https:\/\/www.lodelmomentoloja.com\/index.php?rest_route=%2Fwp%2Fv2%2Fcategories&post=14443"},{"taxonomy":"post_tag","embeddable":true,"href":"https:\/\/www.lodelmomentoloja.com\/index.php?rest_route=%2Fwp%2Fv2%2Ftags&post=14443"}],"curies":[{"name":"wp","href":"https:\/\/api.w.org\/{rel}","templated":true}]}}