{"id":14346,"date":"2023-02-27T09:14:48","date_gmt":"2023-02-27T09:14:48","guid":{"rendered":"https:\/\/www.lodelmomentoloja.com\/?p=14346"},"modified":"2023-02-27T14:16:16","modified_gmt":"2023-02-27T14:16:16","slug":"asesinan-a-eduardo-mendua-conaie","status":"publish","type":"post","link":"https:\/\/www.lodelmomentoloja.com\/?p=14346","title":{"rendered":"Asesinan a Eduardo Mend\u00faa (CONAIE)"},"content":{"rendered":"<p>\ud83d\ude31\ud83d\udca5\ud83d\udd2b \u00a1Fue asesinado en su chacra!<\/p>\n<p>Seg\u00fan una publicaci\u00f3n de Twitter de la Confederaci\u00f3n de Nacionalidades Ind\u00edgenas (Conaie), Eduardo Mend\u00faa se encontraba en su chacra cuando fue abordado por encapuchados que le dispararon.<\/p>\n<p>Esa organizaci\u00f3n asegura que la muerte est\u00e1 relacionada con sus acciones de lucha contra la explotaci\u00f3n petrolera en la Amazon\u00eda. Mend\u00faa, adem\u00e1s, era dirigente de relaciones internacionales de la Conaie.<\/p>\n<p>El presidente de la Conaie, Leonidas Iza, reaccion\u00f3 enseguida contra este crimen. \u201cTerrible que suceda luego del consejo ampliado Conaie. Estado, Gobierno y petroleras deber\u00e1n responder por este crimen\u201d, asegur\u00f3.<\/p>\n<p>Luego, en una intervenci\u00f3n en directo a trav\u00e9s de las redes sociales de la organizaci\u00f3n, ampli\u00f3 sus consideraciones. Iza afirm\u00f3 que la dirigencia ind\u00edgena se siente vulnerable, pues los 10 miembros del Gobierno de la Conaie son constantemente seguidos por personas y autos.<\/p>\n<p>Iza tambi\u00e9n asegur\u00f3 que la c\u00fapula de la Conaie ha sufrido amenazas y solicit\u00f3 la intervenci\u00f3n de los organismos internacionales de derechos humanos en esta crisis.<\/p>\n<p>Por su parte Fiscal\u00eda, inform\u00f3 sobre cuatro allanamientos realizados en la comuna Cof\u00e1n Dureno (Sucumb\u00edos), en el marco de las investigaciones y adem\u00e1s sobre a una persona detenida presuntamente relacionada con el asesinato.<\/p>\n<p>V\u00eda: Primicias Ec.<\/p>\n<p>S\u00edguenos en #LDMnoticias \u00f3 #lodelmomentolojaLDM<\/p>\n","protected":false},"excerpt":{"rendered":"<p>\ud83d\ude31\ud83d\udca5\ud83d\udd2b \u00a1Fue asesinado en su chacra! Seg\u00fan una publicaci\u00f3n de Twitter de la Confederaci\u00f3n de&#8230;<\/p>\n","protected":false},"author":1,"featured_media":14347,"comment_status":"open","ping_status":"open","sticky":false,"template":"","format":"standard","meta":{"footnotes":""},"categories":[7,1],"tags":[],"class_list":["post-14346","post","type-post","status-publish","format-standard","has-post-thumbnail","hentry","category-ecuador","category-inicio"],"_links":{"self":[{"href":"https:\/\/www.lodelmomentoloja.com\/index.php?rest_route=\/wp\/v2\/posts\/14346"}],"collection":[{"href":"https:\/\/www.lodelmomentoloja.com\/index.php?rest_route=\/wp\/v2\/posts"}],"about":[{"href":"https:\/\/www.lodelmomentoloja.com\/index.php?rest_route=\/wp\/v2\/types\/post"}],"author":[{"embeddable":true,"href":"https:\/\/www.lodelmomentoloja.com\/index.php?rest_route=\/wp\/v2\/users\/1"}],"replies":[{"embeddable":true,"href":"https:\/\/www.lodelmomentoloja.com\/index.php?rest_route=%2Fwp%2Fv2%2Fcomments&post=14346"}],"version-history":[{"count":1,"href":"https:\/\/www.lodelmomentoloja.com\/index.php?rest_route=\/wp\/v2\/posts\/14346\/revisions"}],"predecessor-version":[{"id":14348,"href":"https:\/\/www.lodelmomentoloja.com\/index.php?rest_route=\/wp\/v2\/posts\/14346\/revisions\/14348"}],"wp:featuredmedia":[{"embeddable":true,"href":"https:\/\/www.lodelmomentoloja.com\/index.php?rest_route=\/wp\/v2\/media\/14347"}],"wp:attachment":[{"href":"https:\/\/www.lodelmomentoloja.com\/index.php?rest_route=%2Fwp%2Fv2%2Fmedia&parent=14346"}],"wp:term":[{"taxonomy":"category","embeddable":true,"href":"https:\/\/www.lodelmomentoloja.com\/index.php?rest_route=%2Fwp%2Fv2%2Fcategories&post=14346"},{"taxonomy":"post_tag","embeddable":true,"href":"https:\/\/www.lodelmomentoloja.com\/index.php?rest_route=%2Fwp%2Fv2%2Ftags&post=14346"}],"curies":[{"name":"wp","href":"https:\/\/api.w.org\/{rel}","templated":true}]}}