{"id":14294,"date":"2023-02-23T12:35:13","date_gmt":"2023-02-23T12:35:13","guid":{"rendered":"https:\/\/www.lodelmomentoloja.com\/?p=14294"},"modified":"2023-02-23T17:42:49","modified_gmt":"2023-02-23T17:42:49","slug":"gualel-militarizada-ante-presencia-de-mineros","status":"publish","type":"post","link":"https:\/\/www.lodelmomentoloja.com\/?p=14294","title":{"rendered":"Gualel militarizada ante presencia de mineros"},"content":{"rendered":"<p dir=\"ltr\">\ud83d\udeab\ud83c\udfde\ufe0f\ud83d\udea8 \u00a1SOS Fierro Urco!<\/p>\n<p dir=\"ltr\">Seg\u00fan reporte de los habitantes de la parroquia de Gualel, hoy jueves 23 de febrero del 2023, aproximadamente a las 0:00, habr\u00edan entrado personal armado, con perro amaestrados, posiblemente militares a los cerros de Fierro Urco, acompa\u00f1ando a cientos de trabajadores provenientes de fuera de la comunidad.<\/p>\n<p dir=\"ltr\">Los defensores del agua en Gualel, alegan que la entrada fue violenta por parte de las mineras, y presuntamente estar\u00edan en complicidad con el gobierno central, esto provocar\u00eda incidentes.<\/p>\n<p dir=\"ltr\"><img loading=\"lazy\" decoding=\"async\" class=\"alignnone size-medium wp-image-14297\" src=\"http:\/\/www.lodelmomentoloja.com\/wp-content\/uploads\/2023\/02\/IMG-20230223-WA0020-300x225.jpg\" alt=\"\" width=\"300\" height=\"225\" srcset=\"https:\/\/www.lodelmomentoloja.com\/wp-content\/uploads\/2023\/02\/IMG-20230223-WA0020-300x225.jpg 300w, https:\/\/www.lodelmomentoloja.com\/wp-content\/uploads\/2023\/02\/IMG-20230223-WA0020-640x481.jpg 640w, https:\/\/www.lodelmomentoloja.com\/wp-content\/uploads\/2023\/02\/IMG-20230223-WA0020.jpg 720w\" sizes=\"(max-width: 300px) 100vw, 300px\" \/><\/p>\n<p dir=\"ltr\">Se conoce que los mineros han ingresado maquinaria, equipos y personal hacia la cordillera de Fierro Urco, la Estrella H\u00eddrica del Sur, acompa\u00f1ada y resguardado por personal de la fuerza p\u00fablica del Estado y guardias privados de los mineros, esto con la aparentemente con finalidad de continuar con el proyecto minero de la empresa Guayac\u00e1n Gold.<\/p>\n<p dir=\"ltr\"><img loading=\"lazy\" decoding=\"async\" class=\"alignnone size-medium wp-image-14298\" src=\"http:\/\/www.lodelmomentoloja.com\/wp-content\/uploads\/2023\/02\/FB_IMG_1677174129260-225x300.jpg\" alt=\"\" width=\"225\" height=\"300\" srcset=\"https:\/\/www.lodelmomentoloja.com\/wp-content\/uploads\/2023\/02\/FB_IMG_1677174129260-225x300.jpg 225w, https:\/\/www.lodelmomentoloja.com\/wp-content\/uploads\/2023\/02\/FB_IMG_1677174129260-768x1024.jpg 768w, https:\/\/www.lodelmomentoloja.com\/wp-content\/uploads\/2023\/02\/FB_IMG_1677174129260-640x853.jpg 640w, https:\/\/www.lodelmomentoloja.com\/wp-content\/uploads\/2023\/02\/FB_IMG_1677174129260-1024x1365.jpg 1024w, https:\/\/www.lodelmomentoloja.com\/wp-content\/uploads\/2023\/02\/FB_IMG_1677174129260.jpg 1080w\" sizes=\"(max-width: 225px) 100vw, 225px\" \/><\/p>\n<p dir=\"ltr\">Por su parte los defensores del agua, llaman a todas las organizaciones de todos los territorios de Fierro Urco, as\u00ed como las organizaciones de apoyo a la lucha y resistencia en defensa de Fierro Urco, a estar pendientes de las comunicaciones que en este contexto se dar\u00e1n a conocer.<\/p>\n<p dir=\"ltr\"><img loading=\"lazy\" decoding=\"async\" class=\"alignnone size-medium wp-image-14299\" src=\"http:\/\/www.lodelmomentoloja.com\/wp-content\/uploads\/2023\/02\/FB_IMG_1677174120081-225x300.jpg\" alt=\"\" width=\"225\" height=\"300\" srcset=\"https:\/\/www.lodelmomentoloja.com\/wp-content\/uploads\/2023\/02\/FB_IMG_1677174120081-225x300.jpg 225w, https:\/\/www.lodelmomentoloja.com\/wp-content\/uploads\/2023\/02\/FB_IMG_1677174120081-769x1024.jpg 769w, https:\/\/www.lodelmomentoloja.com\/wp-content\/uploads\/2023\/02\/FB_IMG_1677174120081-768x1023.jpg 768w, https:\/\/www.lodelmomentoloja.com\/wp-content\/uploads\/2023\/02\/FB_IMG_1677174120081-640x852.jpg 640w, https:\/\/www.lodelmomentoloja.com\/wp-content\/uploads\/2023\/02\/FB_IMG_1677174120081-1024x1363.jpg 1024w, https:\/\/www.lodelmomentoloja.com\/wp-content\/uploads\/2023\/02\/FB_IMG_1677174120081.jpg 1080w\" sizes=\"(max-width: 225px) 100vw, 225px\" \/><\/p>\n<p dir=\"ltr\">Al momento, Gualel, se encuentra militarizada y con presencia policial para evitar desmanes, entre comuneros y trabajadores de empresa privada.<\/p>\n<p dir=\"ltr\"><img loading=\"lazy\" decoding=\"async\" class=\"alignnone size-medium wp-image-14296\" src=\"http:\/\/www.lodelmomentoloja.com\/wp-content\/uploads\/2023\/02\/IMG-20230223-WA0017-225x300.jpg\" alt=\"\" width=\"225\" height=\"300\" srcset=\"https:\/\/www.lodelmomentoloja.com\/wp-content\/uploads\/2023\/02\/IMG-20230223-WA0017-225x300.jpg 225w, https:\/\/www.lodelmomentoloja.com\/wp-content\/uploads\/2023\/02\/IMG-20230223-WA0017-768x1024.jpg 768w, https:\/\/www.lodelmomentoloja.com\/wp-content\/uploads\/2023\/02\/IMG-20230223-WA0017-640x853.jpg 640w, https:\/\/www.lodelmomentoloja.com\/wp-content\/uploads\/2023\/02\/IMG-20230223-WA0017-1152x1536.jpg 1152w, https:\/\/www.lodelmomentoloja.com\/wp-content\/uploads\/2023\/02\/IMG-20230223-WA0017-1024x1365.jpg 1024w, https:\/\/www.lodelmomentoloja.com\/wp-content\/uploads\/2023\/02\/IMG-20230223-WA0017.jpg 1200w\" sizes=\"(max-width: 225px) 100vw, 225px\" \/><\/p>\n<p dir=\"ltr\">Nota:<\/p>\n<p dir=\"ltr\">Dichas organizaciones recuerdan que dichas concesiones mineras son ilegales e ileg\u00edtimas, como se lo ha demostrado en varias ocasiones, por No haber cumplido el proceso de la Consulta Previa Libre e Informada.<\/p>\n<p dir=\"ltr\">www.lodelmomentoloja.com<\/p>\n<p dir=\"ltr\">#LDMnoticias #lodelmomentolojaLDM<\/p>\n<p dir=\"ltr\">\n","protected":false},"excerpt":{"rendered":"<p>\ud83d\udeab\ud83c\udfde\ufe0f\ud83d\udea8 \u00a1SOS Fierro Urco! Seg\u00fan reporte de los habitantes de la parroquia de Gualel, hoy&#8230;<\/p>\n","protected":false},"author":1,"featured_media":14295,"comment_status":"open","ping_status":"open","sticky":false,"template":"","format":"standard","meta":{"footnotes":""},"categories":[7,1,5],"tags":[],"class_list":["post-14294","post","type-post","status-publish","format-standard","has-post-thumbnail","hentry","category-ecuador","category-inicio","category-loja"],"_links":{"self":[{"href":"https:\/\/www.lodelmomentoloja.com\/index.php?rest_route=\/wp\/v2\/posts\/14294"}],"collection":[{"href":"https:\/\/www.lodelmomentoloja.com\/index.php?rest_route=\/wp\/v2\/posts"}],"about":[{"href":"https:\/\/www.lodelmomentoloja.com\/index.php?rest_route=\/wp\/v2\/types\/post"}],"author":[{"embeddable":true,"href":"https:\/\/www.lodelmomentoloja.com\/index.php?rest_route=\/wp\/v2\/users\/1"}],"replies":[{"embeddable":true,"href":"https:\/\/www.lodelmomentoloja.com\/index.php?rest_route=%2Fwp%2Fv2%2Fcomments&post=14294"}],"version-history":[{"count":1,"href":"https:\/\/www.lodelmomentoloja.com\/index.php?rest_route=\/wp\/v2\/posts\/14294\/revisions"}],"predecessor-version":[{"id":14300,"href":"https:\/\/www.lodelmomentoloja.com\/index.php?rest_route=\/wp\/v2\/posts\/14294\/revisions\/14300"}],"wp:featuredmedia":[{"embeddable":true,"href":"https:\/\/www.lodelmomentoloja.com\/index.php?rest_route=\/wp\/v2\/media\/14295"}],"wp:attachment":[{"href":"https:\/\/www.lodelmomentoloja.com\/index.php?rest_route=%2Fwp%2Fv2%2Fmedia&parent=14294"}],"wp:term":[{"taxonomy":"category","embeddable":true,"href":"https:\/\/www.lodelmomentoloja.com\/index.php?rest_route=%2Fwp%2Fv2%2Fcategories&post=14294"},{"taxonomy":"post_tag","embeddable":true,"href":"https:\/\/www.lodelmomentoloja.com\/index.php?rest_route=%2Fwp%2Fv2%2Ftags&post=14294"}],"curies":[{"name":"wp","href":"https:\/\/api.w.org\/{rel}","templated":true}]}}