{"id":14237,"date":"2023-02-17T08:49:22","date_gmt":"2023-02-17T08:49:22","guid":{"rendered":"https:\/\/www.lodelmomentoloja.com\/?p=14237"},"modified":"2023-02-17T13:50:43","modified_gmt":"2023-02-17T13:50:43","slug":"no-habra-evento-eleccion-de-reina-de-la-provincia-de-loja","status":"publish","type":"post","link":"https:\/\/www.lodelmomentoloja.com\/?p=14237","title":{"rendered":"No habr\u00e1 evento &#8216;Elecci\u00f3n de Reina de la provincia de Loja&#8217;"},"content":{"rendered":"<p>\ud83d\ude31\ud83d\udc85\ud83c\udffb\ud83d\udc51\u00a1No habr\u00e1 certamen! Seg\u00fan el prefecto electo Mario Mancino, el concurso de elecci\u00f3n de Reina de la Provincia de Loja no se llevar\u00e1 a cabo durante su periodo (cuatro a\u00f1os), sin embargo dichos fondos ser\u00e1n destinados para el apoyo a la cultura y el deporte.<\/p>\n<p>Con ello, Mancino buscar\u00e1 la forma de tener una representante, esto si se llegara a un acuerdo con los alcaldes provinciales. &#8220;Eso no significa que yo como prefecto, no pueda ponerme con los alcaldes y pedir de manera rotativa me presten a su reina para que sea la Reina de la provincia&#8221; &#8211; aclar\u00f3.<\/p>\n<p>www.lodelmomentoloja.com<br \/>\n#LDMnoticias #lodelmomentolojaLDM<\/p>\n","protected":false},"excerpt":{"rendered":"<p>\ud83d\ude31\ud83d\udc85\ud83c\udffb\ud83d\udc51\u00a1No habr\u00e1 certamen! Seg\u00fan el prefecto electo Mario Mancino, el concurso de elecci\u00f3n de Reina&#8230;<\/p>\n","protected":false},"author":1,"featured_media":14238,"comment_status":"open","ping_status":"open","sticky":false,"template":"","format":"standard","meta":{"footnotes":""},"categories":[1,5],"tags":[],"class_list":["post-14237","post","type-post","status-publish","format-standard","has-post-thumbnail","hentry","category-inicio","category-loja"],"_links":{"self":[{"href":"https:\/\/www.lodelmomentoloja.com\/index.php?rest_route=\/wp\/v2\/posts\/14237"}],"collection":[{"href":"https:\/\/www.lodelmomentoloja.com\/index.php?rest_route=\/wp\/v2\/posts"}],"about":[{"href":"https:\/\/www.lodelmomentoloja.com\/index.php?rest_route=\/wp\/v2\/types\/post"}],"author":[{"embeddable":true,"href":"https:\/\/www.lodelmomentoloja.com\/index.php?rest_route=\/wp\/v2\/users\/1"}],"replies":[{"embeddable":true,"href":"https:\/\/www.lodelmomentoloja.com\/index.php?rest_route=%2Fwp%2Fv2%2Fcomments&post=14237"}],"version-history":[{"count":1,"href":"https:\/\/www.lodelmomentoloja.com\/index.php?rest_route=\/wp\/v2\/posts\/14237\/revisions"}],"predecessor-version":[{"id":14239,"href":"https:\/\/www.lodelmomentoloja.com\/index.php?rest_route=\/wp\/v2\/posts\/14237\/revisions\/14239"}],"wp:featuredmedia":[{"embeddable":true,"href":"https:\/\/www.lodelmomentoloja.com\/index.php?rest_route=\/wp\/v2\/media\/14238"}],"wp:attachment":[{"href":"https:\/\/www.lodelmomentoloja.com\/index.php?rest_route=%2Fwp%2Fv2%2Fmedia&parent=14237"}],"wp:term":[{"taxonomy":"category","embeddable":true,"href":"https:\/\/www.lodelmomentoloja.com\/index.php?rest_route=%2Fwp%2Fv2%2Fcategories&post=14237"},{"taxonomy":"post_tag","embeddable":true,"href":"https:\/\/www.lodelmomentoloja.com\/index.php?rest_route=%2Fwp%2Fv2%2Ftags&post=14237"}],"curies":[{"name":"wp","href":"https:\/\/api.w.org\/{rel}","templated":true}]}}