{"id":14212,"date":"2023-02-16T11:00:58","date_gmt":"2023-02-16T11:00:58","guid":{"rendered":"https:\/\/www.lodelmomentoloja.com\/?p=14212"},"modified":"2023-02-16T18:29:05","modified_gmt":"2023-02-16T18:29:05","slug":"fiscalizacion-le-cae-a-la-corporacion-de-ferias-de-loja","status":"publish","type":"post","link":"https:\/\/www.lodelmomentoloja.com\/?p=14212","title":{"rendered":"Fiscalizaci\u00f3n le cae a la Corporaci\u00f3n de Ferias de Loja"},"content":{"rendered":"<p>Luego del pedido de informaci\u00f3n por parte del periodista John S. Lafebre a nombre del medio digital LO DEL MOMENTO LOJA a la Corporaci\u00f3n de Ferias de Loja (CFL) por la inversi\u00f3n econ\u00f3mica con respecto a los artistas, montaje en escenario y m\u00e1s relacionados en la edici\u00f3n 193 y el cu\u00e1l fue obtenido mediante un Juicio de Acceso a la Informaci\u00f3n, dicha informaci\u00f3n ha comenzado a generar efectos con varias autoridades, entre ellas, en los asamble\u00edstas de la provincia de Loja Manuel Medina y Luc\u00eda Placencia, los que inician un proceso de fiscalizaci\u00f3n a la CFL pidiendo informaci\u00f3n a Carlos Riofr\u00edo, Contralor General Subrogante de la Contralor\u00eda General de Estado por un monto de USD 78.580,00 que no coincide entre la informaci\u00f3n entregada por los representantes de la entidad de ferias y las versiones expuestas en medios de comunicaci\u00f3n.<\/p>\n<p>&nbsp;<\/p>\n<p>Por parte de Manuel Medina, en pedido a la Contralor\u00eda, solicit\u00f3 se remita informaci\u00f3n referente a la inversi\u00f3n y cumplimiento de la Feria de Loja del a\u00f1o 2022 edici\u00f3n 193.<\/p>\n<p><img loading=\"lazy\" decoding=\"async\" class=\"alignnone wp-image-14213 size-full\" src=\"http:\/\/www.lodelmomentoloja.com\/wp-content\/uploads\/2023\/02\/yhtgrfedw.jpg\" alt=\"\" width=\"643\" height=\"871\" srcset=\"https:\/\/www.lodelmomentoloja.com\/wp-content\/uploads\/2023\/02\/yhtgrfedw.jpg 643w, https:\/\/www.lodelmomentoloja.com\/wp-content\/uploads\/2023\/02\/yhtgrfedw-221x300.jpg 221w, https:\/\/www.lodelmomentoloja.com\/wp-content\/uploads\/2023\/02\/yhtgrfedw-640x867.jpg 640w\" sizes=\"(max-width: 643px) 100vw, 643px\" \/><\/p>\n<p>&nbsp;<\/p>\n<p>De igual manera, Luc\u00eda Placencia, solicito a la Contralor\u00eda General que se realice un examen especial a la Corporaci\u00f3n de Ferias de Loja CFL respecto de sus actividades relativas a la gesti\u00f3n financiera.<\/p>\n<p><img loading=\"lazy\" decoding=\"async\" class=\"alignnone wp-image-14218 size-full\" src=\"http:\/\/www.lodelmomentoloja.com\/wp-content\/uploads\/2023\/02\/luz.jpg\" alt=\"\" width=\"643\" height=\"871\" srcset=\"https:\/\/www.lodelmomentoloja.com\/wp-content\/uploads\/2023\/02\/luz.jpg 643w, https:\/\/www.lodelmomentoloja.com\/wp-content\/uploads\/2023\/02\/luz-221x300.jpg 221w, https:\/\/www.lodelmomentoloja.com\/wp-content\/uploads\/2023\/02\/luz-640x867.jpg 640w\" sizes=\"(max-width: 643px) 100vw, 643px\" \/><\/p>\n<p>&nbsp;<\/p>\n<p><img loading=\"lazy\" decoding=\"async\" class=\"alignnone wp-image-14215 size-full\" src=\"http:\/\/www.lodelmomentoloja.com\/wp-content\/uploads\/2023\/02\/lucia-2.jpg\" alt=\"\" width=\"643\" height=\"871\" srcset=\"https:\/\/www.lodelmomentoloja.com\/wp-content\/uploads\/2023\/02\/lucia-2.jpg 643w, https:\/\/www.lodelmomentoloja.com\/wp-content\/uploads\/2023\/02\/lucia-2-221x300.jpg 221w, https:\/\/www.lodelmomentoloja.com\/wp-content\/uploads\/2023\/02\/lucia-2-640x867.jpg 640w\" sizes=\"(max-width: 643px) 100vw, 643px\" \/><\/p>\n<p><em>S\u00edguenos #LDMnoticias \u00f3 #lodelmomentolojaLDM<\/em><\/p>\n","protected":false},"excerpt":{"rendered":"<p>Luego del pedido de informaci\u00f3n por parte del periodista John S. Lafebre a nombre del&#8230;<\/p>\n","protected":false},"author":1,"featured_media":14216,"comment_status":"open","ping_status":"open","sticky":false,"template":"","format":"standard","meta":{"footnotes":""},"categories":[1,5],"tags":[],"class_list":["post-14212","post","type-post","status-publish","format-standard","has-post-thumbnail","hentry","category-inicio","category-loja"],"_links":{"self":[{"href":"https:\/\/www.lodelmomentoloja.com\/index.php?rest_route=\/wp\/v2\/posts\/14212"}],"collection":[{"href":"https:\/\/www.lodelmomentoloja.com\/index.php?rest_route=\/wp\/v2\/posts"}],"about":[{"href":"https:\/\/www.lodelmomentoloja.com\/index.php?rest_route=\/wp\/v2\/types\/post"}],"author":[{"embeddable":true,"href":"https:\/\/www.lodelmomentoloja.com\/index.php?rest_route=\/wp\/v2\/users\/1"}],"replies":[{"embeddable":true,"href":"https:\/\/www.lodelmomentoloja.com\/index.php?rest_route=%2Fwp%2Fv2%2Fcomments&post=14212"}],"version-history":[{"count":2,"href":"https:\/\/www.lodelmomentoloja.com\/index.php?rest_route=\/wp\/v2\/posts\/14212\/revisions"}],"predecessor-version":[{"id":14219,"href":"https:\/\/www.lodelmomentoloja.com\/index.php?rest_route=\/wp\/v2\/posts\/14212\/revisions\/14219"}],"wp:featuredmedia":[{"embeddable":true,"href":"https:\/\/www.lodelmomentoloja.com\/index.php?rest_route=\/wp\/v2\/media\/14216"}],"wp:attachment":[{"href":"https:\/\/www.lodelmomentoloja.com\/index.php?rest_route=%2Fwp%2Fv2%2Fmedia&parent=14212"}],"wp:term":[{"taxonomy":"category","embeddable":true,"href":"https:\/\/www.lodelmomentoloja.com\/index.php?rest_route=%2Fwp%2Fv2%2Fcategories&post=14212"},{"taxonomy":"post_tag","embeddable":true,"href":"https:\/\/www.lodelmomentoloja.com\/index.php?rest_route=%2Fwp%2Fv2%2Ftags&post=14212"}],"curies":[{"name":"wp","href":"https:\/\/api.w.org\/{rel}","templated":true}]}}