{"id":14188,"date":"2023-02-15T10:37:02","date_gmt":"2023-02-15T10:37:02","guid":{"rendered":"https:\/\/www.lodelmomentoloja.com\/?p=14188"},"modified":"2023-02-15T15:38:17","modified_gmt":"2023-02-15T15:38:17","slug":"comunicar-unl-periodico-hecho-por-estudiantes","status":"publish","type":"post","link":"https:\/\/www.lodelmomentoloja.com\/?p=14188","title":{"rendered":"Comunicar UNL, peri\u00f3dico hecho por estudiantes"},"content":{"rendered":"<p>Este mi\u00e9rcoles 15 de febrero 2023, desde la Aula Magna, Facultad de la Educaci\u00f3n, el Arte y la Educaci\u00f3n, los alumnos de tercero y quinto ciclo de la Universidad Nacional de Loja, han participado en un proceso de redacci\u00f3n, diagramaci\u00f3n y fotograf\u00eda para levantar un peri\u00f3dico, mismo que recopila informaci\u00f3n relevante que se dan en Loja y alrededor de la situaci\u00f3n de la Universidad, este proyecto es la tercera edici\u00f3n del denominado &#8220;Comunicar UNL&#8221;.<\/p>\n<p>Este producto de comunicaci\u00f3n cuenta con una edici\u00f3n impresa de 16 hojas, abordando varios segmentos para darle vida al peri\u00f3dico creado por los estudiantes, entre los diferentes temas que exponen est\u00e1n: Universidad, Perfiles, educaci\u00f3n, sociedad, ciudad, barrios, comunidad, deportes y opini\u00f3n, integrada de 21 noticias, 1 fotoreportaje y un apartado de opini\u00f3n.<\/p>\n<p>C\u00e9sar Sandoya, encargado de supervisar el trabajo de los alumnos, manifest\u00f3 la importancia que las universidades brinden un espacio para que los estudiantes puedan encontrarse con la pr\u00e1ctica, por ello, consolida la importancia de salir a las calles, interpretar las situaciones y exponerlo ante la opini\u00f3n p\u00fablica.<\/p>\n<p>La exposici\u00f3n del proyecto estuvo a cargo de dos estudiantes, Jasm\u00edn Nero de tercer ciclo y Ulices Lara del quinto ciclo, ambos, comentaron sus impresiones, experiencias y dificultades al momento de realizar este trabajo period\u00edstico, pero resaltando lo gratificante que se sintieron al culminar dicha informaci\u00f3n como parte de su formaci\u00f3n profesional a trav\u00e9s de la academia.<\/p>\n<p>S\u00edguenos #LDMnoticias \u00f3 #lodelmomentolojaLDM<\/p>\n","protected":false},"excerpt":{"rendered":"<p>Este mi\u00e9rcoles 15 de febrero 2023, desde la Aula Magna, Facultad de la Educaci\u00f3n, el&#8230;<\/p>\n","protected":false},"author":1,"featured_media":14189,"comment_status":"open","ping_status":"open","sticky":false,"template":"","format":"standard","meta":{"footnotes":""},"categories":[7,1,5],"tags":[],"class_list":["post-14188","post","type-post","status-publish","format-standard","has-post-thumbnail","hentry","category-ecuador","category-inicio","category-loja"],"_links":{"self":[{"href":"https:\/\/www.lodelmomentoloja.com\/index.php?rest_route=\/wp\/v2\/posts\/14188"}],"collection":[{"href":"https:\/\/www.lodelmomentoloja.com\/index.php?rest_route=\/wp\/v2\/posts"}],"about":[{"href":"https:\/\/www.lodelmomentoloja.com\/index.php?rest_route=\/wp\/v2\/types\/post"}],"author":[{"embeddable":true,"href":"https:\/\/www.lodelmomentoloja.com\/index.php?rest_route=\/wp\/v2\/users\/1"}],"replies":[{"embeddable":true,"href":"https:\/\/www.lodelmomentoloja.com\/index.php?rest_route=%2Fwp%2Fv2%2Fcomments&post=14188"}],"version-history":[{"count":1,"href":"https:\/\/www.lodelmomentoloja.com\/index.php?rest_route=\/wp\/v2\/posts\/14188\/revisions"}],"predecessor-version":[{"id":14190,"href":"https:\/\/www.lodelmomentoloja.com\/index.php?rest_route=\/wp\/v2\/posts\/14188\/revisions\/14190"}],"wp:featuredmedia":[{"embeddable":true,"href":"https:\/\/www.lodelmomentoloja.com\/index.php?rest_route=\/wp\/v2\/media\/14189"}],"wp:attachment":[{"href":"https:\/\/www.lodelmomentoloja.com\/index.php?rest_route=%2Fwp%2Fv2%2Fmedia&parent=14188"}],"wp:term":[{"taxonomy":"category","embeddable":true,"href":"https:\/\/www.lodelmomentoloja.com\/index.php?rest_route=%2Fwp%2Fv2%2Fcategories&post=14188"},{"taxonomy":"post_tag","embeddable":true,"href":"https:\/\/www.lodelmomentoloja.com\/index.php?rest_route=%2Fwp%2Fv2%2Ftags&post=14188"}],"curies":[{"name":"wp","href":"https:\/\/api.w.org\/{rel}","templated":true}]}}