{"id":14185,"date":"2023-02-15T10:17:30","date_gmt":"2023-02-15T10:17:30","guid":{"rendered":"https:\/\/www.lodelmomentoloja.com\/?p=14185"},"modified":"2023-02-15T15:19:55","modified_gmt":"2023-02-15T15:19:55","slug":"jr-queda-en-libertad-tras-habras-corpus","status":"publish","type":"post","link":"https:\/\/www.lodelmomentoloja.com\/?p=14185","title":{"rendered":"JR queda en libertad tras habr\u00e1s corpus"},"content":{"rendered":"<p>J\u00fanior Rold\u00e1n volvi\u00f3 a obtener una medida favorable para recuperar su libertad.<\/p>\n<p>As\u00ed lo confirm\u00f3 el presidente Guillermo Lasso y cuestion\u00f3 la medida otorgada al cabecilla de la banda criminal &#8220;Los Choneros&#8221;.<\/p>\n<p>Alias Junior obtuvo un dictamen abstentivo junto con otros detenidos el 15 de diciembre en la v\u00eda La Aurora-Salitre por el delito de tr\u00e1fico de armas. Ese d\u00eda, el reo hab\u00eda obtenido su libertad y fue aprehendido cuando en su traslado se descubri\u00f3 que llevaban armas.<\/p>\n<p>En un video, el presidente Guillermo Lasso rechaz\u00f3 la medida concedida a alias J\u00fanior que le otorga su libertad.<\/p>\n<p>\u201cCon profunda indignaci\u00f3n y gran preocupaci\u00f3n debo informarles que el d\u00eda de hoy, y por medio de un habeas corpus, la justicia ecuatoriana ha dejado libre al m\u00e1s grande y peligroso delincuente alias J\u00fanior\u201d, dijo el Primer Mandatario.<\/p>\n<p>&#8220;No existe la colaboraci\u00f3n de la Justicia, no existe la colaboraci\u00f3n de la Fiscal\u00eda, y de otras instituciones del Estado para trabajar en conjunto en favor de la seguridad&#8221;, dijo el presidente Lasso.<\/p>\n<p>V\u00eda: Radio Din\u00e1mica<\/p>\n<p>www.lodelmomentoloja.com<\/p>\n<p>#LDMnoticias #lodelmomentolojaLDM<\/p>\n","protected":false},"excerpt":{"rendered":"<p>J\u00fanior Rold\u00e1n volvi\u00f3 a obtener una medida favorable para recuperar su libertad. As\u00ed lo confirm\u00f3&#8230;<\/p>\n","protected":false},"author":1,"featured_media":14186,"comment_status":"open","ping_status":"open","sticky":false,"template":"","format":"standard","meta":{"footnotes":""},"categories":[7,1],"tags":[],"class_list":["post-14185","post","type-post","status-publish","format-standard","has-post-thumbnail","hentry","category-ecuador","category-inicio"],"_links":{"self":[{"href":"https:\/\/www.lodelmomentoloja.com\/index.php?rest_route=\/wp\/v2\/posts\/14185"}],"collection":[{"href":"https:\/\/www.lodelmomentoloja.com\/index.php?rest_route=\/wp\/v2\/posts"}],"about":[{"href":"https:\/\/www.lodelmomentoloja.com\/index.php?rest_route=\/wp\/v2\/types\/post"}],"author":[{"embeddable":true,"href":"https:\/\/www.lodelmomentoloja.com\/index.php?rest_route=\/wp\/v2\/users\/1"}],"replies":[{"embeddable":true,"href":"https:\/\/www.lodelmomentoloja.com\/index.php?rest_route=%2Fwp%2Fv2%2Fcomments&post=14185"}],"version-history":[{"count":1,"href":"https:\/\/www.lodelmomentoloja.com\/index.php?rest_route=\/wp\/v2\/posts\/14185\/revisions"}],"predecessor-version":[{"id":14187,"href":"https:\/\/www.lodelmomentoloja.com\/index.php?rest_route=\/wp\/v2\/posts\/14185\/revisions\/14187"}],"wp:featuredmedia":[{"embeddable":true,"href":"https:\/\/www.lodelmomentoloja.com\/index.php?rest_route=\/wp\/v2\/media\/14186"}],"wp:attachment":[{"href":"https:\/\/www.lodelmomentoloja.com\/index.php?rest_route=%2Fwp%2Fv2%2Fmedia&parent=14185"}],"wp:term":[{"taxonomy":"category","embeddable":true,"href":"https:\/\/www.lodelmomentoloja.com\/index.php?rest_route=%2Fwp%2Fv2%2Fcategories&post=14185"},{"taxonomy":"post_tag","embeddable":true,"href":"https:\/\/www.lodelmomentoloja.com\/index.php?rest_route=%2Fwp%2Fv2%2Ftags&post=14185"}],"curies":[{"name":"wp","href":"https:\/\/api.w.org\/{rel}","templated":true}]}}