{"id":14182,"date":"2023-02-15T08:51:04","date_gmt":"2023-02-15T08:51:04","guid":{"rendered":"https:\/\/www.lodelmomentoloja.com\/?p=14182"},"modified":"2023-02-15T13:57:30","modified_gmt":"2023-02-15T13:57:30","slug":"acusado-por-delito-de-violacion","status":"publish","type":"post","link":"https:\/\/www.lodelmomentoloja.com\/?p=14182","title":{"rendered":"Acusado por delito de violaci\u00f3n"},"content":{"rendered":"<p>La Fiscal\u00eda present\u00f3 todos los elementos de convicci\u00f3n a la jueza Lili Dom\u00ednguez, para que llame a juicio a Marcelino Chumpi, exprefecto de Morona Santiago, por una presunta violaci\u00f3n a una menor de 12 a\u00f1os.<\/p>\n<p>Seg\u00fan el fiscal Marco Velecela, el exprefecto, presuntamente habr\u00eda violado a la ni\u00f1a en varias ocasiones. Una de ellas, sucedi\u00f3 en octubre de 2019 dentro del domicilio de la v\u00edctima que est\u00e1 ubicado en el barrio 27 de Febrero de la ciudad de Macas.<\/p>\n<p>Adem\u00e1s, se conoci\u00f3 que Chumpi hab\u00eda conocido a la ni\u00f1a porque la madre de ella laboraba en el Gobierno Provincial de Morona Santiago, cuando era prefecto.<\/p>\n<p>La Fiscal\u00eda indic\u00f3 que el exprefecto de Morona Santiago, frecuentaba el domicilio de la v\u00edctima para ganarse su confianza, pero con el prop\u00f3sito de abusar sexualmente de ella y para que no diga lo sucedido, la habr\u00eda amenazado a la ni\u00f1a con dejar a su mam\u00e1 sin trabajo.<\/p>\n<p>Fiscal\u00eda sustent\u00f3 la acusaci\u00f3n con base en los informes de las pericias m\u00e9dico-legal, psicol\u00f3gica y de entorno social. Tambi\u00e9n, en los testimonios anticipados de la v\u00edctima y de su mam\u00e1.<\/p>\n<p>Felipe Marcelino Ch. es acusado con base en el art\u00edculo 170, incisos dos y tres, del C\u00f3digo Org\u00e1nico Integral Penal (COIP), que sanciona el delito de violaci\u00f3n con privaci\u00f3n de libertad de 19 a 22 a\u00f1os.<\/p>\n<p>V\u00eda: Metro Ec.<\/p>\n<p>S\u00edguenos en #LDMnoticias o #lodelmomentolojaLDM<\/p>\n","protected":false},"excerpt":{"rendered":"<p>La Fiscal\u00eda present\u00f3 todos los elementos de convicci\u00f3n a la jueza Lili Dom\u00ednguez, para que&#8230;<\/p>\n","protected":false},"author":1,"featured_media":14183,"comment_status":"open","ping_status":"open","sticky":false,"template":"","format":"standard","meta":{"footnotes":""},"categories":[7,1],"tags":[],"class_list":["post-14182","post","type-post","status-publish","format-standard","has-post-thumbnail","hentry","category-ecuador","category-inicio"],"_links":{"self":[{"href":"https:\/\/www.lodelmomentoloja.com\/index.php?rest_route=\/wp\/v2\/posts\/14182"}],"collection":[{"href":"https:\/\/www.lodelmomentoloja.com\/index.php?rest_route=\/wp\/v2\/posts"}],"about":[{"href":"https:\/\/www.lodelmomentoloja.com\/index.php?rest_route=\/wp\/v2\/types\/post"}],"author":[{"embeddable":true,"href":"https:\/\/www.lodelmomentoloja.com\/index.php?rest_route=\/wp\/v2\/users\/1"}],"replies":[{"embeddable":true,"href":"https:\/\/www.lodelmomentoloja.com\/index.php?rest_route=%2Fwp%2Fv2%2Fcomments&post=14182"}],"version-history":[{"count":1,"href":"https:\/\/www.lodelmomentoloja.com\/index.php?rest_route=\/wp\/v2\/posts\/14182\/revisions"}],"predecessor-version":[{"id":14184,"href":"https:\/\/www.lodelmomentoloja.com\/index.php?rest_route=\/wp\/v2\/posts\/14182\/revisions\/14184"}],"wp:featuredmedia":[{"embeddable":true,"href":"https:\/\/www.lodelmomentoloja.com\/index.php?rest_route=\/wp\/v2\/media\/14183"}],"wp:attachment":[{"href":"https:\/\/www.lodelmomentoloja.com\/index.php?rest_route=%2Fwp%2Fv2%2Fmedia&parent=14182"}],"wp:term":[{"taxonomy":"category","embeddable":true,"href":"https:\/\/www.lodelmomentoloja.com\/index.php?rest_route=%2Fwp%2Fv2%2Fcategories&post=14182"},{"taxonomy":"post_tag","embeddable":true,"href":"https:\/\/www.lodelmomentoloja.com\/index.php?rest_route=%2Fwp%2Fv2%2Ftags&post=14182"}],"curies":[{"name":"wp","href":"https:\/\/api.w.org\/{rel}","templated":true}]}}