{"id":14124,"date":"2023-02-13T08:28:59","date_gmt":"2023-02-13T08:28:59","guid":{"rendered":"https:\/\/www.lodelmomentoloja.com\/?p=14124"},"modified":"2023-02-13T13:30:33","modified_gmt":"2023-02-13T13:30:33","slug":"fallecio-el-fundador-de-funeraria-jaramillo","status":"publish","type":"post","link":"https:\/\/www.lodelmomentoloja.com\/?p=14124","title":{"rendered":"Falleci\u00f3 el fundador de Funeraria Jaramillo"},"content":{"rendered":"<p>Sr. Gilberto Jaramillo, fundador de la\u00a0 Funeraria Jaramillo, falleci\u00f3 este 11 de febrero del 2023, a la edad de 83 a\u00f1os.<\/p>\n<p>\ud83d\udc49\ud83c\udffc <strong>Dato:<\/strong><\/p>\n<p>Dicha funeraria, nace en el Cant\u00f3n Gonzanam\u00e1 en 1956, con la visi\u00f3n de Manuel Lucas Jaramillo Escudero, un personaje multifac\u00e9tico, con esp\u00edritu de triunfador.<\/p>\n<p>En 1958 se traslad\u00f3 a la Ciudad de Loja y junto con su hijo Gilberto Jaramillo, instalan un local de venta de cofres y alquiler de capillas ardientes en el sector de la Cuarto Centenario.<\/p>\n<p>Tras la separaci\u00f3n del padre e hijo en 1969,\u00a0 Gilberto Jaramillo, como la segunda generaci\u00f3n que ha heredado el legado de su padre, ya con instalaciones propias en las calles Juan Jos\u00e9 Pe\u00f1a y Andr\u00e9s Bello, levanta lo que se conoce hasta la actualidad como el centro de velaciones Funeraria Jaramillo.<\/p>\n<p><img loading=\"lazy\" decoding=\"async\" class=\"alignnone size-medium wp-image-14125\" src=\"http:\/\/www.lodelmomentoloja.com\/wp-content\/uploads\/2023\/02\/IMG_20230213_082849-300x156.jpg\" alt=\"\" width=\"300\" height=\"156\" srcset=\"https:\/\/www.lodelmomentoloja.com\/wp-content\/uploads\/2023\/02\/IMG_20230213_082849-300x156.jpg 300w, https:\/\/www.lodelmomentoloja.com\/wp-content\/uploads\/2023\/02\/IMG_20230213_082849-1024x533.jpg 1024w, https:\/\/www.lodelmomentoloja.com\/wp-content\/uploads\/2023\/02\/IMG_20230213_082849-768x400.jpg 768w, https:\/\/www.lodelmomentoloja.com\/wp-content\/uploads\/2023\/02\/IMG_20230213_082849-640x333.jpg 640w, https:\/\/www.lodelmomentoloja.com\/wp-content\/uploads\/2023\/02\/IMG_20230213_082849.jpg 1076w\" sizes=\"(max-width: 300px) 100vw, 300px\" \/><\/p>\n<p>\ud83d\ude4f\ud83c\udffb Todos quienes conformamos este medio de comunicaci\u00f3n digital, se solidariza con su familia por tan irreparable p\u00e9rdida.<\/p>\n<p>S\u00edguenos en #LDMnoticias o #lodelmomentolojaLDM<\/p>\n","protected":false},"excerpt":{"rendered":"<p>Sr. Gilberto Jaramillo, fundador de la\u00a0 Funeraria Jaramillo, falleci\u00f3 este 11 de febrero del 2023,&#8230;<\/p>\n","protected":false},"author":1,"featured_media":14123,"comment_status":"open","ping_status":"open","sticky":false,"template":"","format":"standard","meta":{"footnotes":""},"categories":[1,5],"tags":[],"class_list":["post-14124","post","type-post","status-publish","format-standard","has-post-thumbnail","hentry","category-inicio","category-loja"],"_links":{"self":[{"href":"https:\/\/www.lodelmomentoloja.com\/index.php?rest_route=\/wp\/v2\/posts\/14124"}],"collection":[{"href":"https:\/\/www.lodelmomentoloja.com\/index.php?rest_route=\/wp\/v2\/posts"}],"about":[{"href":"https:\/\/www.lodelmomentoloja.com\/index.php?rest_route=\/wp\/v2\/types\/post"}],"author":[{"embeddable":true,"href":"https:\/\/www.lodelmomentoloja.com\/index.php?rest_route=\/wp\/v2\/users\/1"}],"replies":[{"embeddable":true,"href":"https:\/\/www.lodelmomentoloja.com\/index.php?rest_route=%2Fwp%2Fv2%2Fcomments&post=14124"}],"version-history":[{"count":1,"href":"https:\/\/www.lodelmomentoloja.com\/index.php?rest_route=\/wp\/v2\/posts\/14124\/revisions"}],"predecessor-version":[{"id":14126,"href":"https:\/\/www.lodelmomentoloja.com\/index.php?rest_route=\/wp\/v2\/posts\/14124\/revisions\/14126"}],"wp:featuredmedia":[{"embeddable":true,"href":"https:\/\/www.lodelmomentoloja.com\/index.php?rest_route=\/wp\/v2\/media\/14123"}],"wp:attachment":[{"href":"https:\/\/www.lodelmomentoloja.com\/index.php?rest_route=%2Fwp%2Fv2%2Fmedia&parent=14124"}],"wp:term":[{"taxonomy":"category","embeddable":true,"href":"https:\/\/www.lodelmomentoloja.com\/index.php?rest_route=%2Fwp%2Fv2%2Fcategories&post=14124"},{"taxonomy":"post_tag","embeddable":true,"href":"https:\/\/www.lodelmomentoloja.com\/index.php?rest_route=%2Fwp%2Fv2%2Ftags&post=14124"}],"curies":[{"name":"wp","href":"https:\/\/api.w.org\/{rel}","templated":true}]}}