{"id":14118,"date":"2023-02-13T07:00:41","date_gmt":"2023-02-13T07:00:41","guid":{"rendered":"https:\/\/www.lodelmomentoloja.com\/?p=14118"},"modified":"2023-02-14T13:52:35","modified_gmt":"2023-02-14T13:52:35","slug":"florecimiento-de-los-guayacanes-inicia-el-jueves","status":"publish","type":"post","link":"https:\/\/www.lodelmomentoloja.com\/?p=14118","title":{"rendered":"Florecimiento de los Guayacanes inicia el jueves."},"content":{"rendered":"<div class=\"\" data-block=\"true\" data-editor=\"5sr11\" data-offset-key=\"f1d92-0-0\">\n<div data-offset-key=\"f1d92-0-0\"><span data-offset-key=\"f1d92-0-0\">\ud83c\udf04\ud83c\udf32\ud83d\udc9b\u00a1Ya es oficial! <\/span>Desde el cant\u00f3n Zapotillo, provincia de Loja, la Mesa T\u00e9cnica Interinstitucional del Bosque Seco, \u00fanica instancia legalmente conformada y facultada para anunciar oficialmente el inicio del Evento Natural y Tur\u00edstico El Florecimiento de los Guayacanes en el \u00c1rea Ecol\u00f3gica de Conservaci\u00f3n Municipal \u201cLos Guayacanes\u201d; inform\u00f3 que <strong>las lluvias presentadas el 9 y 10 de febrero han sido favorables para las parroquias de Mangahurco y Cazaderos, raz\u00f3n por la que a partir del d\u00eda jueves 16 de febrero 2023, la ciudadan\u00eda ecuatoriana en general podr\u00e1 visitar el Florecimiento de los Guayacanes 2023.<\/strong><\/div>\n<\/div>\n<div data-offset-key=\"f1d92-0-0\"><\/div>\n<div data-offset-key=\"f1d92-0-0\">El florecimiento de los guayacanes en el sur de nuestro pa\u00eds, es un espect\u00e1culo natural que se da cada a\u00f1o, con el inicio de la \u00e9poca lluviosa que provoca el florecimiento de esta especie en lapso de entre 5 y 8 d\u00edas. Al finalizar este proceso sus flores caen y transforman el piso en una alfombra amarilla. Este acontecimiento atrae a miles de turistas que visitan anualmente el \u00c1rea de Conservaci\u00f3n Municipal Los Guayacanes.<\/div>\n<div data-offset-key=\"f1d92-0-0\"><\/div>\n<div data-offset-key=\"f1d92-0-0\">Su nombre cient\u00edfico es Handroanthus Chrysanthus. Es com\u00fan en toda la geograf\u00eda ecuatoriana en el rango altitudinal de 200 a 1200 m.s.n.m., es decir, crece preferiblemente en regiones c\u00e1lidas.<\/div>\n<div data-offset-key=\"f1d92-0-0\"><\/div>\n<div data-offset-key=\"f1d92-0-0\">El \u00c1rea de Conservaci\u00f3n Municipal Los Guayacanes que posee 13.843 hect\u00e1reas de bosque seco tropical, siendo uno de los remanentes m\u00e1s importantes de vegetaci\u00f3n xerof\u00edtica en la costa ecuatoriana y una de las \u00e1reas m\u00e1s extensas de bosque y matorral seco del suroeste, se caracteriza por tener una gran variedad de especies de flora y fauna end\u00e9micas en la zona.<\/div>\n<div data-offset-key=\"f1d92-0-0\"><\/div>\n<div data-offset-key=\"f1d92-0-0\"><img loading=\"lazy\" decoding=\"async\" class=\"alignnone wp-image-14120 \" src=\"http:\/\/www.lodelmomentoloja.com\/wp-content\/uploads\/2023\/02\/fre32-768x1024.jpg\" alt=\"\" width=\"532\" height=\"709\" srcset=\"https:\/\/www.lodelmomentoloja.com\/wp-content\/uploads\/2023\/02\/fre32-768x1024.jpg 768w, https:\/\/www.lodelmomentoloja.com\/wp-content\/uploads\/2023\/02\/fre32-225x300.jpg 225w, https:\/\/www.lodelmomentoloja.com\/wp-content\/uploads\/2023\/02\/fre32-640x853.jpg 640w, https:\/\/www.lodelmomentoloja.com\/wp-content\/uploads\/2023\/02\/fre32-1152x1536.jpg 1152w, https:\/\/www.lodelmomentoloja.com\/wp-content\/uploads\/2023\/02\/fre32-1024x1365.jpg 1024w, https:\/\/www.lodelmomentoloja.com\/wp-content\/uploads\/2023\/02\/fre32.jpg 1186w\" sizes=\"(max-width: 532px) 100vw, 532px\" \/><\/div>\n<div class=\"\" data-block=\"true\" data-editor=\"5sr11\" data-offset-key=\"1f2o9-0-0\">\n<div class=\"_1mf _1mj\" data-offset-key=\"1f2o9-0-0\"><span class=\" xv78j7m\"><span data-offset-key=\"1f2o9-0-0\">S\u00edguenos #LDMnoticias<\/span><\/span> \u00f3 <span class=\" xv78j7m\"><span data-offset-key=\"1f2o9-2-0\">#lodelmomentolojaLDM<\/span><\/span><\/div>\n<\/div>\n","protected":false},"excerpt":{"rendered":"<p>\ud83c\udf04\ud83c\udf32\ud83d\udc9b\u00a1Ya es oficial! Desde el cant\u00f3n Zapotillo, provincia de Loja, la Mesa T\u00e9cnica Interinstitucional del&#8230;<\/p>\n","protected":false},"author":1,"featured_media":14119,"comment_status":"open","ping_status":"open","sticky":false,"template":"","format":"standard","meta":{"footnotes":""},"categories":[7,1,5],"tags":[],"class_list":["post-14118","post","type-post","status-publish","format-standard","has-post-thumbnail","hentry","category-ecuador","category-inicio","category-loja"],"_links":{"self":[{"href":"https:\/\/www.lodelmomentoloja.com\/index.php?rest_route=\/wp\/v2\/posts\/14118"}],"collection":[{"href":"https:\/\/www.lodelmomentoloja.com\/index.php?rest_route=\/wp\/v2\/posts"}],"about":[{"href":"https:\/\/www.lodelmomentoloja.com\/index.php?rest_route=\/wp\/v2\/types\/post"}],"author":[{"embeddable":true,"href":"https:\/\/www.lodelmomentoloja.com\/index.php?rest_route=\/wp\/v2\/users\/1"}],"replies":[{"embeddable":true,"href":"https:\/\/www.lodelmomentoloja.com\/index.php?rest_route=%2Fwp%2Fv2%2Fcomments&post=14118"}],"version-history":[{"count":2,"href":"https:\/\/www.lodelmomentoloja.com\/index.php?rest_route=\/wp\/v2\/posts\/14118\/revisions"}],"predecessor-version":[{"id":14155,"href":"https:\/\/www.lodelmomentoloja.com\/index.php?rest_route=\/wp\/v2\/posts\/14118\/revisions\/14155"}],"wp:featuredmedia":[{"embeddable":true,"href":"https:\/\/www.lodelmomentoloja.com\/index.php?rest_route=\/wp\/v2\/media\/14119"}],"wp:attachment":[{"href":"https:\/\/www.lodelmomentoloja.com\/index.php?rest_route=%2Fwp%2Fv2%2Fmedia&parent=14118"}],"wp:term":[{"taxonomy":"category","embeddable":true,"href":"https:\/\/www.lodelmomentoloja.com\/index.php?rest_route=%2Fwp%2Fv2%2Fcategories&post=14118"},{"taxonomy":"post_tag","embeddable":true,"href":"https:\/\/www.lodelmomentoloja.com\/index.php?rest_route=%2Fwp%2Fv2%2Ftags&post=14118"}],"curies":[{"name":"wp","href":"https:\/\/api.w.org\/{rel}","templated":true}]}}