{"id":14110,"date":"2023-02-10T14:22:26","date_gmt":"2023-02-10T14:22:26","guid":{"rendered":"https:\/\/www.lodelmomentoloja.com\/?p=14110"},"modified":"2023-02-10T19:23:48","modified_gmt":"2023-02-10T19:23:48","slug":"fiscalia-allana-el-carondelet","status":"publish","type":"post","link":"https:\/\/www.lodelmomentoloja.com\/?p=14110","title":{"rendered":"Fiscal\u00eda allana el Carondelet"},"content":{"rendered":"<p>El Palacio de Carondelet fue allanado la ma\u00f1ana de este viernes 10 de febrero de 2023, como parte de las investigaciones en el caso Encuentro por una presunta trama de corrupci\u00f3n. Estar\u00edan involucrados exfuncionarios del Gobierno de Guillermo Lasso.<\/p>\n<p>Los agentes de la Fiscal\u00eda ingresaron a la Subsecretar\u00eda Jur\u00eddica de la Presidencia, que est\u00e1 junto al despacho de Guillermo Lasso. En ese sitio, hasta ayer se desempe\u00f1aba como subsecretario general Jur\u00eddico, Marcos Miranda Burgos. Su cargo era similar al de un viceministro.<\/p>\n<p>Miranda ha sido allanado despu\u00e9s que el sitio La Posta difundiera el audio de una conversaci\u00f3n del tambi\u00e9n Subsecretario de la Secretar\u00eda Jur\u00eddica de la Presidencia de la Rep\u00fablica, Mauricio Guim, en el que este dec\u00eda que se hab\u00eda reunido con Miranda, y que este hablaba de \u00abnegocios\u00bb.<\/p>\n<p>Guim fue capturado la noche del mi\u00e9rcoles, en el Puente de Rumichaca, en la frontera con Colombia, cuando intentaba huir del pa\u00eds. Seg\u00fan ha informado la Fiscal\u00eda, Guim se ha acogido al derecho del silencio, y al no ser formalmente parte de una investigaci\u00f3n, ha sido puesto en libertad en las \u00faltimas horas.<\/p>\n<p>La misma noche del mi\u00e9rcoles, el Secretario Jur\u00eddico de la Presidencia de la Rep\u00fablica, Fabi\u00e1n Pozo, present\u00f3 su renuncia, que fue aceptada esa misma noche por el Presidente Guillermo Lasso.<\/p>\n<p>V\u00eda: Radio Din\u00e1mica<\/p>\n<p>#LDMnoticias #lodelmomentolojaLDM<\/p>\n","protected":false},"excerpt":{"rendered":"<p>El Palacio de Carondelet fue allanado la ma\u00f1ana de este viernes 10 de febrero de&#8230;<\/p>\n","protected":false},"author":1,"featured_media":14111,"comment_status":"open","ping_status":"open","sticky":false,"template":"","format":"standard","meta":{"footnotes":""},"categories":[7,1],"tags":[],"class_list":["post-14110","post","type-post","status-publish","format-standard","has-post-thumbnail","hentry","category-ecuador","category-inicio"],"_links":{"self":[{"href":"https:\/\/www.lodelmomentoloja.com\/index.php?rest_route=\/wp\/v2\/posts\/14110"}],"collection":[{"href":"https:\/\/www.lodelmomentoloja.com\/index.php?rest_route=\/wp\/v2\/posts"}],"about":[{"href":"https:\/\/www.lodelmomentoloja.com\/index.php?rest_route=\/wp\/v2\/types\/post"}],"author":[{"embeddable":true,"href":"https:\/\/www.lodelmomentoloja.com\/index.php?rest_route=\/wp\/v2\/users\/1"}],"replies":[{"embeddable":true,"href":"https:\/\/www.lodelmomentoloja.com\/index.php?rest_route=%2Fwp%2Fv2%2Fcomments&post=14110"}],"version-history":[{"count":1,"href":"https:\/\/www.lodelmomentoloja.com\/index.php?rest_route=\/wp\/v2\/posts\/14110\/revisions"}],"predecessor-version":[{"id":14112,"href":"https:\/\/www.lodelmomentoloja.com\/index.php?rest_route=\/wp\/v2\/posts\/14110\/revisions\/14112"}],"wp:featuredmedia":[{"embeddable":true,"href":"https:\/\/www.lodelmomentoloja.com\/index.php?rest_route=\/wp\/v2\/media\/14111"}],"wp:attachment":[{"href":"https:\/\/www.lodelmomentoloja.com\/index.php?rest_route=%2Fwp%2Fv2%2Fmedia&parent=14110"}],"wp:term":[{"taxonomy":"category","embeddable":true,"href":"https:\/\/www.lodelmomentoloja.com\/index.php?rest_route=%2Fwp%2Fv2%2Fcategories&post=14110"},{"taxonomy":"post_tag","embeddable":true,"href":"https:\/\/www.lodelmomentoloja.com\/index.php?rest_route=%2Fwp%2Fv2%2Ftags&post=14110"}],"curies":[{"name":"wp","href":"https:\/\/api.w.org\/{rel}","templated":true}]}}