{"id":14085,"date":"2023-02-10T11:00:09","date_gmt":"2023-02-10T11:00:09","guid":{"rendered":"https:\/\/www.lodelmomentoloja.com\/?p=14085"},"modified":"2023-02-10T17:45:26","modified_gmt":"2023-02-10T17:45:26","slug":"la-caida-de-la-revolucion-ciudadana-en-loja","status":"publish","type":"post","link":"https:\/\/www.lodelmomentoloja.com\/?p=14085","title":{"rendered":"La ca\u00edda de la Revoluci\u00f3n Ciudadana en Loja"},"content":{"rendered":"<p>En la provincia de Loja la participaci\u00f3n pol\u00edtica del movimiento pol\u00edtico que lidera el expresidente Rafael Correa <strong>no han sido resultados alentadores<\/strong> en cuanto a las elecciones seccionales en comparaci\u00f3n al \u00e9xito que obtienen en otras provincias, incluso a nivel Nacional, ya que <strong>los liderazgos locales<\/strong> no han sabido cursar de buena forma en el electorado lojano, todo esto <strong>por los divisionismos y las pugnas de poder a lo interno de la organizaci\u00f3n<\/strong>.<\/p>\n<p>Varias figuras que formaron parte del corre\u00edsmo en su debido tiempo y que cumplieron papeles protag\u00f3nicos en procesos electorales, se fueron alejando de la corriente pol\u00edtica, algunos de ellos participando con organizaciones distintas, ante la falta de acuerdos pol\u00edticos o meras discrepancias con los que lideraban a la tendencia pol\u00edtica antes mencionada. En un relato r\u00e1pido, actores como: Nilo C\u00f3rdova, Jorge Bail\u00f3n, Jos\u00e9 Bol\u00edvar Castillo, Franco Quezada, Jairo Monta\u00f1o, Nixon Granda, Efr\u00e9n Vidal, entre otros, tomaron caminos separados a sus inicios.<\/p>\n<p><img loading=\"lazy\" decoding=\"async\" class=\"alignnone wp-image-14087 size-large\" src=\"http:\/\/www.lodelmomentoloja.com\/wp-content\/uploads\/2023\/02\/tfrdew-1-1024x241.jpg\" alt=\"\" width=\"640\" height=\"151\" srcset=\"https:\/\/www.lodelmomentoloja.com\/wp-content\/uploads\/2023\/02\/tfrdew-1-1024x241.jpg 1024w, https:\/\/www.lodelmomentoloja.com\/wp-content\/uploads\/2023\/02\/tfrdew-1-300x71.jpg 300w, https:\/\/www.lodelmomentoloja.com\/wp-content\/uploads\/2023\/02\/tfrdew-1-768x180.jpg 768w, https:\/\/www.lodelmomentoloja.com\/wp-content\/uploads\/2023\/02\/tfrdew-1-640x150.jpg 640w, https:\/\/www.lodelmomentoloja.com\/wp-content\/uploads\/2023\/02\/tfrdew-1-1536x361.jpg 1536w, https:\/\/www.lodelmomentoloja.com\/wp-content\/uploads\/2023\/02\/tfrdew-1-2048x481.jpg 2048w\" sizes=\"(max-width: 640px) 100vw, 640px\" \/><\/p>\n<p>&nbsp;<\/p>\n<h3>Resultados de las seccionales en Loja.<\/h3>\n<p>Desde <strong>el a\u00f1o 2014<\/strong> hasta la actualidad, las elecciones para el movimiento que cobija el expresidente Rafael Correa viene de m\u00e1s a menos, en el aquel, la organizaci\u00f3n pol\u00edtica Alianza Pa\u00eds obtuvo el mayor n\u00famero de prefecturas (6) y alcald\u00edas (43) en todo el Ecuador; mientras que en la provincia de Loja, Jos\u00e9 Bol\u00edvar Castillo con su movimiento propio obtuvo el primer lugar y se llev\u00f3 la Alcald\u00eda de Loja, seguido de Jaime Villavicencio de la alianza CREO-Convocatoria y en tercer lugar Jorge Bail\u00f3n con el movimiento APLA; por otro lado, en cuanto a la Prefectura de Loja, Rafael D\u00e1vila y Nivea V\u00e9lez con la alianza CREO-Convocatoria se llevaron el primer puesto, seguidos de Jairo Monta\u00f1o y Yadira Flores de la Revoluci\u00f3n Ciudadana-Avanza, y en tercer lugar, Rodrigo Vivar y Gabriela Albuja del movimiento APLA.<\/p>\n<p>En resumen, solo la <strong>Prefectura en el 2014<\/strong> tuvo un rol protag\u00f3nico de un <strong>flamante segundo lugar<\/strong>.<\/p>\n<p>&nbsp;<\/p>\n<p>Para las <strong>elecciones seccionales<\/strong> siguientes, en el <strong>2019<\/strong>, el partido que cobij\u00f3 al movimiento corre\u00edsta fue el pol\u00edtico Fuerza Compromiso Social lista 5, (ahora Revoluci\u00f3n Ciudadana), tuvo una participaci\u00f3n mucho menos protag\u00f3nica en la provincia de Loja con respecto a lo que se viene dando a nivel nacional, en aquel entonces, no tuvieron candidato a la alcald\u00eda del cant\u00f3n Loja, en la Prefectura de Loja si, pero tampoco fue suficiente para poder batallar contra los candidatos que disputaban dichos cargos. En la alcald\u00eda de Loja, Jorge Bail\u00f3n se qued\u00f3 con el sill\u00f3n de mercadillo con un 31,92% por la alianza Loja para Todos (CD, Justicia Social, PSE), seguido de Franco Quezada con el 18.30%, y en tercer lugar con Jos\u00e9 Bol\u00edvar Castillo 12.77%; en cuanto a la Prefectura de Loja, Rafael D\u00e1vila con la alianza de varios partidos pol\u00edticos, gan\u00f3 la reelecci\u00f3n con un 34,08%, en segundo lugar fue para Lorena Costa por Alianza Pa\u00eds (Ya no era del corre\u00edsmo) con 19,23% y el tercer lugar qued\u00f3 con Nilo C\u00f3rdova 14,86% con la alianza \u00danete al Cambio.<\/p>\n<p>&nbsp;<\/p>\n<p>\u00bfC\u00f3mo qued\u00f3 el candidato de Compromiso Social? <strong>Max \u00cd\u00f1iguez,<\/strong> fue el representante del partido del corre\u00edsmo (FCS), con el <strong>10,31%<\/strong> del electorado <strong>qued\u00f3 en cuarto lugar<\/strong> en aquel proceso electoral.<\/p>\n<p><img loading=\"lazy\" decoding=\"async\" class=\"alignnone wp-image-14088 \" src=\"http:\/\/www.lodelmomentoloja.com\/wp-content\/uploads\/2023\/02\/fdesw-1024x432.jpg\" alt=\"\" width=\"763\" height=\"322\" srcset=\"https:\/\/www.lodelmomentoloja.com\/wp-content\/uploads\/2023\/02\/fdesw-1024x432.jpg 1024w, https:\/\/www.lodelmomentoloja.com\/wp-content\/uploads\/2023\/02\/fdesw-300x126.jpg 300w, https:\/\/www.lodelmomentoloja.com\/wp-content\/uploads\/2023\/02\/fdesw-768x324.jpg 768w, https:\/\/www.lodelmomentoloja.com\/wp-content\/uploads\/2023\/02\/fdesw-640x270.jpg 640w, https:\/\/www.lodelmomentoloja.com\/wp-content\/uploads\/2023\/02\/fdesw-1536x647.jpg 1536w, https:\/\/www.lodelmomentoloja.com\/wp-content\/uploads\/2023\/02\/fdesw.jpg 1896w\" sizes=\"(max-width: 763px) 100vw, 763px\" \/><\/p>\n<p>&nbsp;<\/p>\n<h4>El cambio de Compromiso Social a Revoluci\u00f3n Ciudadana.<\/h4>\n<p>Fuerza Compromiso Social (FCS) movimiento pol\u00edtico inscrito en el a\u00f1o 2016, luego de haber cursado la contienda electoral 2019, el 17 de septiembre del a\u00f1o 2021 el pleno del Consejo Electoral aprob\u00f3 con cuatro votos la solicitud de cambio de nombre a Movimiento Revoluci\u00f3n Ciudadana, con ello, los cambios del color rojo y azul, pasaron al cian con rasgos rojos.<\/p>\n<p>&nbsp;<\/p>\n<h4>Las elecciones seccionales 2023<\/h4>\n<p>En la reciente edici\u00f3n 2023, el mapa pol\u00edtico ha dado una vuelta a favor de Revoluci\u00f3n Ciudadana con n\u00fameros de infarto, qued\u00e1ndose con las provincias m\u00e1s pobladas del Ecuador. En el Guayas, acabaron con 31 a\u00f1os del Partido Social Cristiano al ganar Alcald\u00eda de Guayaquil con Aquiles \u00c1lvarez y la Prefectura del Guayas con Marcela Agui\u00f1aga; en Pichincha pas\u00f3 lo mismo, Alcald\u00eda de Quito con Pabel Mu\u00f1oz y la Prefectura con Paola Pab\u00f3n; \u00a0Leonardo Orlando con la Prefectura de Manab\u00ed; la Prefectura de Azuay con Crist\u00f3bal Lloret; Prefectura de Imbabura con Ricard Calder\u00f3n; la alcald\u00eda de Esmeraldas con Vicko Villac\u00eds; en Santo Domingo de los Tsachilas se llevaron binomio, con Johana N\u00fa\u00f1ez la Prefectura y la alcald\u00eda con Wilson Erazo; en Sucumbios, Yofre Poma a la Prefectura y Ernesto Buitr\u00f3n en la alcald\u00eda; y en el Oro, con la Alcald\u00eda de Machala para Dar\u00edo Macas, convirtiendo a <strong>la agrupaci\u00f3n pol\u00edtica de Rafael Correa como la primera fuerza pol\u00edtica del Ecuador<\/strong>.<\/p>\n<p>Sin embargo, <strong>esas cifras no se reflejan en Loja, la ca\u00edda de la Revoluci\u00f3n Ciudadana sigue siendo mucho m\u00e1s tr\u00e1gica<\/strong>, ya que con las ediciones 2014, la alcald\u00eda no estuvo en los tres primeros lugares a diferencia de la Prefectura que lleg\u00f3 en segundo lugar; en la edici\u00f3n 2019, no tuvieron ni candidato a la Alcald\u00eda del cant\u00f3n Loja y en cambio, el candidato a la Prefectura pas\u00f3 al cuarto lugar.<\/p>\n<p><strong>El 2023<\/strong> obtuvieron resultados contrarios a los que tienen a nivel nacional, <strong>en la alcald\u00eda de Loja<\/strong> encabezada por <strong>Juan Carlos Torres, <\/strong>Asamble\u00edsta alterno de Johanna Ortiz y Dirigente provincial de RC<strong>, obtuvieron el 3;97%<\/strong> del electorado para ocupar el <strong>s\u00e9ptimo lugar<\/strong> de quince candidatos, una gran parte de ellos nuevos.<\/p>\n<p><img loading=\"lazy\" decoding=\"async\" class=\"alignnone wp-image-14089 \" src=\"http:\/\/www.lodelmomentoloja.com\/wp-content\/uploads\/2023\/02\/vfredsw-1024x786.jpg\" alt=\"\" width=\"474\" height=\"364\" srcset=\"https:\/\/www.lodelmomentoloja.com\/wp-content\/uploads\/2023\/02\/vfredsw-1024x786.jpg 1024w, https:\/\/www.lodelmomentoloja.com\/wp-content\/uploads\/2023\/02\/vfredsw-300x230.jpg 300w, https:\/\/www.lodelmomentoloja.com\/wp-content\/uploads\/2023\/02\/vfredsw-768x589.jpg 768w, https:\/\/www.lodelmomentoloja.com\/wp-content\/uploads\/2023\/02\/vfredsw-640x491.jpg 640w, https:\/\/www.lodelmomentoloja.com\/wp-content\/uploads\/2023\/02\/vfredsw.jpg 1200w\" sizes=\"(max-width: 474px) 100vw, 474px\" \/><\/p>\n<p>&nbsp;<\/p>\n<p>En el caso de la Prefectura, <strong>nuevamente Max \u00cd\u00f1iguez<\/strong> participa para dicha dignidad, esta vez, <strong>con resultados mucho m\u00e1s cr\u00edticos<\/strong>, con <strong>el 9,98%<\/strong> del electorado, el candidato de la revoluci\u00f3n Ciudadana <strong>se queda con el quinto lugar<\/strong>, por debajo del candidato Mario Mancino (SUMA-APLA), Dar\u00edo Loja (RETO), Kelvin Sigcho (CD) y Nilo C\u00f3rdova (PSC).<\/p>\n<p><img loading=\"lazy\" decoding=\"async\" class=\"alignnone wp-image-14097 \" src=\"http:\/\/www.lodelmomentoloja.com\/wp-content\/uploads\/2023\/02\/tfrdewfew-1-1024x801.jpg\" alt=\"\" width=\"474\" height=\"371\" srcset=\"https:\/\/www.lodelmomentoloja.com\/wp-content\/uploads\/2023\/02\/tfrdewfew-1-1024x801.jpg 1024w, https:\/\/www.lodelmomentoloja.com\/wp-content\/uploads\/2023\/02\/tfrdewfew-1-300x235.jpg 300w, https:\/\/www.lodelmomentoloja.com\/wp-content\/uploads\/2023\/02\/tfrdewfew-1-768x601.jpg 768w, https:\/\/www.lodelmomentoloja.com\/wp-content\/uploads\/2023\/02\/tfrdewfew-1-640x501.jpg 640w, https:\/\/www.lodelmomentoloja.com\/wp-content\/uploads\/2023\/02\/tfrdewfew-1.jpg 1185w\" sizes=\"(max-width: 474px) 100vw, 474px\" \/><\/p>\n<p>&nbsp;<\/p>\n<h3>CA\u00cdDA DE LA REVOLUCI\u00d3N CIUDADANA POR A\u00d1OS.<\/h3>\n<p>En la prefectura, seg\u00fan los \u00faltimos procesos electorales dados en la provincia de Loja, la actuaci\u00f3n del partido del corre\u00edsmo ha venido del segundo lugar (2014), al cuarto lugar (2019) hasta finaliza en un quinto lugar (2023), mostrando la evidente decadencia por parte de los candidatos que lideran dichos procesos.<\/p>\n<p><img loading=\"lazy\" decoding=\"async\" class=\"alignnone wp-image-14098 \" src=\"http:\/\/www.lodelmomentoloja.com\/wp-content\/uploads\/2023\/02\/eeee.jpg\" alt=\"\" width=\"766\" height=\"427\" srcset=\"https:\/\/www.lodelmomentoloja.com\/wp-content\/uploads\/2023\/02\/eeee.jpg 840w, https:\/\/www.lodelmomentoloja.com\/wp-content\/uploads\/2023\/02\/eeee-300x167.jpg 300w, https:\/\/www.lodelmomentoloja.com\/wp-content\/uploads\/2023\/02\/eeee-768x428.jpg 768w, https:\/\/www.lodelmomentoloja.com\/wp-content\/uploads\/2023\/02\/eeee-640x357.jpg 640w\" sizes=\"(max-width: 766px) 100vw, 766px\" \/><\/p>\n<p><img loading=\"lazy\" decoding=\"async\" class=\"alignnone wp-image-14099 \" src=\"http:\/\/www.lodelmomentoloja.com\/wp-content\/uploads\/2023\/02\/hbyrh4.jpg\" alt=\"\" width=\"763\" height=\"489\" srcset=\"https:\/\/www.lodelmomentoloja.com\/wp-content\/uploads\/2023\/02\/hbyrh4.jpg 840w, https:\/\/www.lodelmomentoloja.com\/wp-content\/uploads\/2023\/02\/hbyrh4-300x192.jpg 300w, https:\/\/www.lodelmomentoloja.com\/wp-content\/uploads\/2023\/02\/hbyrh4-768x492.jpg 768w, https:\/\/www.lodelmomentoloja.com\/wp-content\/uploads\/2023\/02\/hbyrh4-640x410.jpg 640w\" sizes=\"(max-width: 763px) 100vw, 763px\" \/><\/p>\n<p><em>S\u00edguenos #LDMnoticias \u00f3 #lodelmomentolojaLDM<\/em><\/p>\n","protected":false},"excerpt":{"rendered":"<p>En la provincia de Loja la participaci\u00f3n pol\u00edtica del movimiento pol\u00edtico que lidera el expresidente&#8230;<\/p>\n","protected":false},"author":1,"featured_media":14104,"comment_status":"open","ping_status":"open","sticky":false,"template":"","format":"standard","meta":{"footnotes":""},"categories":[7,1,5],"tags":[],"class_list":["post-14085","post","type-post","status-publish","format-standard","has-post-thumbnail","hentry","category-ecuador","category-inicio","category-loja"],"_links":{"self":[{"href":"https:\/\/www.lodelmomentoloja.com\/index.php?rest_route=\/wp\/v2\/posts\/14085"}],"collection":[{"href":"https:\/\/www.lodelmomentoloja.com\/index.php?rest_route=\/wp\/v2\/posts"}],"about":[{"href":"https:\/\/www.lodelmomentoloja.com\/index.php?rest_route=\/wp\/v2\/types\/post"}],"author":[{"embeddable":true,"href":"https:\/\/www.lodelmomentoloja.com\/index.php?rest_route=\/wp\/v2\/users\/1"}],"replies":[{"embeddable":true,"href":"https:\/\/www.lodelmomentoloja.com\/index.php?rest_route=%2Fwp%2Fv2%2Fcomments&post=14085"}],"version-history":[{"count":8,"href":"https:\/\/www.lodelmomentoloja.com\/index.php?rest_route=\/wp\/v2\/posts\/14085\/revisions"}],"predecessor-version":[{"id":14109,"href":"https:\/\/www.lodelmomentoloja.com\/index.php?rest_route=\/wp\/v2\/posts\/14085\/revisions\/14109"}],"wp:featuredmedia":[{"embeddable":true,"href":"https:\/\/www.lodelmomentoloja.com\/index.php?rest_route=\/wp\/v2\/media\/14104"}],"wp:attachment":[{"href":"https:\/\/www.lodelmomentoloja.com\/index.php?rest_route=%2Fwp%2Fv2%2Fmedia&parent=14085"}],"wp:term":[{"taxonomy":"category","embeddable":true,"href":"https:\/\/www.lodelmomentoloja.com\/index.php?rest_route=%2Fwp%2Fv2%2Fcategories&post=14085"},{"taxonomy":"post_tag","embeddable":true,"href":"https:\/\/www.lodelmomentoloja.com\/index.php?rest_route=%2Fwp%2Fv2%2Ftags&post=14085"}],"curies":[{"name":"wp","href":"https:\/\/api.w.org\/{rel}","templated":true}]}}