{"id":14082,"date":"2023-02-10T09:00:56","date_gmt":"2023-02-10T09:00:56","guid":{"rendered":"https:\/\/www.lodelmomentoloja.com\/?p=14082"},"modified":"2023-02-10T14:02:00","modified_gmt":"2023-02-10T14:02:00","slug":"latam-ecuador-suspende-vuelos-entre-quito-loja","status":"publish","type":"post","link":"https:\/\/www.lodelmomentoloja.com\/?p=14082","title":{"rendered":"LATAM Ecuador suspende vuelos entre Quito &#8211; Loja"},"content":{"rendered":"<p>\u00a1Suspensi\u00f3n temporal! Ante una situaci\u00f3n no esperada de baja demanda y la complejidad operativa, en el aeropuerto m\u00e1s dif\u00edcil de operar de Ecuador, la aerol\u00ednea ha decidido suspender, de manera temporal, sus vuelos entre ambos destinos desde marzo pr\u00f3ximo.<\/p>\n<p>Seg\u00fan corresponsal aeron\u00e1utico Nicola Larenas, la aerol\u00ednea brindo una declaraci\u00f3n oficial en cuanto a la suspensi\u00f3n de vuelos:<\/p>\n<p>El estudio de esta ruta ha sido extenso y ha sido requerido mucho trabajo para dise\u00f1ar procesos de la forma m\u00e1s segura posible, dadas las condiciones ambientales y geogr\u00e1ficas del aeropuerto de Catamayo.<\/p>\n<p>Sin embargo, a pesar de los intensos esfuerzos operacionales y comerciales, hemos decidido suspender temporalmente la ruta por los dos motivos que coexisten: es operacionalmente compleja y cuenta con una baja demanda. Cesaremos la publicaci\u00f3n de esta ruta desde el 28 de enero y dejar\u00e1 de operar desde el 26 de marzo de 2023.<\/p>\n<p>Por otro lado, en nuestro compromiso con las necesidades de conectividad del pa\u00eds, presentadas tambi\u00e9n por las autoridades, responderemos a la demanda del mercado guayaquile\u00f1o con la nueva ruta Guayaquil \u2013 Bogot\u00e1, la que se publicar\u00e1 el 28 de enero y operar\u00e1 a partir del 26 de marzo 2023 &#8211; Finaliza en texto.<\/p>\n<p>Cabe indicar que Loja no quedar\u00e1 desconectada, ya que Aeroregional mantiene actualmente 12 frecuencias semanales, operando dos vuelos diarios de lunes a viernes, s\u00e1bado y domingos un vuelo cada d\u00eda.<\/p>\n<p>www.lodelmomentoloja.com<br \/>\n#LDMnoticias #lodelmomentolojaLDM<\/p>\n","protected":false},"excerpt":{"rendered":"<p>\u00a1Suspensi\u00f3n temporal! Ante una situaci\u00f3n no esperada de baja demanda y la complejidad operativa, en&#8230;<\/p>\n","protected":false},"author":1,"featured_media":14083,"comment_status":"open","ping_status":"open","sticky":false,"template":"","format":"standard","meta":{"footnotes":""},"categories":[7,1,5],"tags":[],"class_list":["post-14082","post","type-post","status-publish","format-standard","has-post-thumbnail","hentry","category-ecuador","category-inicio","category-loja"],"_links":{"self":[{"href":"https:\/\/www.lodelmomentoloja.com\/index.php?rest_route=\/wp\/v2\/posts\/14082"}],"collection":[{"href":"https:\/\/www.lodelmomentoloja.com\/index.php?rest_route=\/wp\/v2\/posts"}],"about":[{"href":"https:\/\/www.lodelmomentoloja.com\/index.php?rest_route=\/wp\/v2\/types\/post"}],"author":[{"embeddable":true,"href":"https:\/\/www.lodelmomentoloja.com\/index.php?rest_route=\/wp\/v2\/users\/1"}],"replies":[{"embeddable":true,"href":"https:\/\/www.lodelmomentoloja.com\/index.php?rest_route=%2Fwp%2Fv2%2Fcomments&post=14082"}],"version-history":[{"count":1,"href":"https:\/\/www.lodelmomentoloja.com\/index.php?rest_route=\/wp\/v2\/posts\/14082\/revisions"}],"predecessor-version":[{"id":14084,"href":"https:\/\/www.lodelmomentoloja.com\/index.php?rest_route=\/wp\/v2\/posts\/14082\/revisions\/14084"}],"wp:featuredmedia":[{"embeddable":true,"href":"https:\/\/www.lodelmomentoloja.com\/index.php?rest_route=\/wp\/v2\/media\/14083"}],"wp:attachment":[{"href":"https:\/\/www.lodelmomentoloja.com\/index.php?rest_route=%2Fwp%2Fv2%2Fmedia&parent=14082"}],"wp:term":[{"taxonomy":"category","embeddable":true,"href":"https:\/\/www.lodelmomentoloja.com\/index.php?rest_route=%2Fwp%2Fv2%2Fcategories&post=14082"},{"taxonomy":"post_tag","embeddable":true,"href":"https:\/\/www.lodelmomentoloja.com\/index.php?rest_route=%2Fwp%2Fv2%2Ftags&post=14082"}],"curies":[{"name":"wp","href":"https:\/\/api.w.org\/{rel}","templated":true}]}}