{"id":14067,"date":"2023-02-09T12:00:26","date_gmt":"2023-02-09T12:00:26","guid":{"rendered":"https:\/\/www.lodelmomentoloja.com\/?p=14067"},"modified":"2023-02-09T17:05:39","modified_gmt":"2023-02-09T17:05:39","slug":"capturan-al-mas-buscado-de-ecuador","status":"publish","type":"post","link":"https:\/\/www.lodelmomentoloja.com\/?p=14067","title":{"rendered":"Capturan al m\u00e1s buscado de Ecuador"},"content":{"rendered":"<p>\ud83d\udc64\u26d3\ufe0f\ud83d\udea8 \u00a1El m\u00e1s buscado! Emilio Farf\u00e1n, alias El Gato, el narco m\u00e1s buscado del pa\u00eds y presunto cabecilla del autodenominado cartel nueva generaci\u00f3n de Ecuador, fue capturado en Pasto, Colombia, por elementos policiales de dicho pa\u00eds.<\/p>\n<p>&#8220;Momento de la captura de &#8230; el blanco de mayor valor para el Estado ecuatoriano. Estos son los primeros resultados de la cooperaci\u00f3n con Colombia en seguridad. Seguiremos informando&#8221;, public\u00f3 el mandatario a un video en el que se observa a agentes policiales del pa\u00eds vecino interceptar a Farf\u00e1n, quien iba a bordo de una camioneta.<\/p>\n<p>El comandante general de la Polic\u00eda Nacional, Fausto Salinas, detall\u00f3 en su cuenta de Twitter que, alias El Gato, fue capturado gracias al &#8220;importante trabajo y apoyo de las unidades de Polic\u00eda Colombia, en Pasto&#8221;. Lo que permiti\u00f3 la captura del presunto cabecilla del autodenominado cartel nueva generaci\u00f3n Ecuador, explic\u00f3 el uniformado, y agreg\u00f3 que &#8220;es considerado uno de los mayores narcotraficantes de la regi\u00f3n&#8221;, sentenci\u00f3 Salinas.<\/p>\n<p>www.lodelmomentoloja.com<br \/>\n#LDMnoticias #lodelmomentolojaLDM<\/p>\n","protected":false},"excerpt":{"rendered":"<p>\ud83d\udc64\u26d3\ufe0f\ud83d\udea8 \u00a1El m\u00e1s buscado! Emilio Farf\u00e1n, alias El Gato, el narco m\u00e1s buscado del pa\u00eds&#8230;<\/p>\n","protected":false},"author":1,"featured_media":14068,"comment_status":"open","ping_status":"open","sticky":false,"template":"","format":"standard","meta":{"footnotes":""},"categories":[7,1,4],"tags":[],"class_list":["post-14067","post","type-post","status-publish","format-standard","has-post-thumbnail","hentry","category-ecuador","category-inicio","category-internacional"],"_links":{"self":[{"href":"https:\/\/www.lodelmomentoloja.com\/index.php?rest_route=\/wp\/v2\/posts\/14067"}],"collection":[{"href":"https:\/\/www.lodelmomentoloja.com\/index.php?rest_route=\/wp\/v2\/posts"}],"about":[{"href":"https:\/\/www.lodelmomentoloja.com\/index.php?rest_route=\/wp\/v2\/types\/post"}],"author":[{"embeddable":true,"href":"https:\/\/www.lodelmomentoloja.com\/index.php?rest_route=\/wp\/v2\/users\/1"}],"replies":[{"embeddable":true,"href":"https:\/\/www.lodelmomentoloja.com\/index.php?rest_route=%2Fwp%2Fv2%2Fcomments&post=14067"}],"version-history":[{"count":1,"href":"https:\/\/www.lodelmomentoloja.com\/index.php?rest_route=\/wp\/v2\/posts\/14067\/revisions"}],"predecessor-version":[{"id":14069,"href":"https:\/\/www.lodelmomentoloja.com\/index.php?rest_route=\/wp\/v2\/posts\/14067\/revisions\/14069"}],"wp:featuredmedia":[{"embeddable":true,"href":"https:\/\/www.lodelmomentoloja.com\/index.php?rest_route=\/wp\/v2\/media\/14068"}],"wp:attachment":[{"href":"https:\/\/www.lodelmomentoloja.com\/index.php?rest_route=%2Fwp%2Fv2%2Fmedia&parent=14067"}],"wp:term":[{"taxonomy":"category","embeddable":true,"href":"https:\/\/www.lodelmomentoloja.com\/index.php?rest_route=%2Fwp%2Fv2%2Fcategories&post=14067"},{"taxonomy":"post_tag","embeddable":true,"href":"https:\/\/www.lodelmomentoloja.com\/index.php?rest_route=%2Fwp%2Fv2%2Ftags&post=14067"}],"curies":[{"name":"wp","href":"https:\/\/api.w.org\/{rel}","templated":true}]}}