{"id":14047,"date":"2023-02-09T08:40:17","date_gmt":"2023-02-09T08:40:17","guid":{"rendered":"https:\/\/www.lodelmomentoloja.com\/?p=14047"},"modified":"2023-02-09T13:43:14","modified_gmt":"2023-02-09T13:43:14","slug":"diana-guayanay-podria-ser-vicealcaldesa-de-loja","status":"publish","type":"post","link":"https:\/\/www.lodelmomentoloja.com\/?p=14047","title":{"rendered":"Diana Guayanay podr\u00eda ser vicealcaldesa de Loja"},"content":{"rendered":"<p>\ud83d\udc81\ud83c\udffb\u200d\u2640\ufe0f\u2705\ud83d\udcc3 Seg\u00fan la ordenanza de Procedimiento Parlamentario del Concejo Municipal de Loja, en su Art\u00edculo 3, literal 3.3, habla sobre el vicealcalde\/sa.<\/p>\n<p>Aqu\u00ed se\u00f1ala que el Concejo elegir\u00e1 de entre sus miembros a un vicealcalde\/sa cumpliendo obligatoriamente el principio de paridad de g\u00e9nero. Esta ser\u00e1 la segunda autoridad del Gobierno Aut\u00f3nomo y subrogar\u00e1 a la principal en caso de ausencia, adem\u00e1s, cumplir\u00e1 las funciones y responsabilidades delegadas por el titular.<\/p>\n<p>\ud83d\udc49\ud83c\udffc Decisi\u00f3n.-<\/p>\n<p>En cumplimiento a la normativa, la nueva vicealcaldesa ser\u00eda Diana Guayanay, debido a que es la \u00fanica concejala electa de sexo femenino, considerando que el alcalde electo es hombre.<\/p>\n<p>\u201cSeg\u00fan como determina la norma, luego de haber recibido de manera oficial los resultados del CNE, Diana podr\u00eda ser considerada como candidata a la Vicealcald\u00eda, esto en la primera sesi\u00f3n inaugural del Cabildo.<\/p>\n<p>Todav\u00eda estamos esperando a ver qu\u00e9 sucede con los resultados totales, y por ser la \u00fanica mujer y por equidad de g\u00e9nero, ella ser\u00eda la segunda autoridad municipal\u201d, revel\u00f3 el alcalde electo, Franco Quezada.<\/p>\n<p>V\u00eda: La Hora<\/p>\n<p>#LDMnoticias #lodelmomentolojaLDM<\/p>\n","protected":false},"excerpt":{"rendered":"<p>\ud83d\udc81\ud83c\udffb\u200d\u2640\ufe0f\u2705\ud83d\udcc3 Seg\u00fan la ordenanza de Procedimiento Parlamentario del Concejo Municipal de Loja, en su Art\u00edculo&#8230;<\/p>\n","protected":false},"author":1,"featured_media":14048,"comment_status":"open","ping_status":"open","sticky":false,"template":"","format":"standard","meta":{"footnotes":""},"categories":[1,5],"tags":[],"class_list":["post-14047","post","type-post","status-publish","format-standard","has-post-thumbnail","hentry","category-inicio","category-loja"],"_links":{"self":[{"href":"https:\/\/www.lodelmomentoloja.com\/index.php?rest_route=\/wp\/v2\/posts\/14047"}],"collection":[{"href":"https:\/\/www.lodelmomentoloja.com\/index.php?rest_route=\/wp\/v2\/posts"}],"about":[{"href":"https:\/\/www.lodelmomentoloja.com\/index.php?rest_route=\/wp\/v2\/types\/post"}],"author":[{"embeddable":true,"href":"https:\/\/www.lodelmomentoloja.com\/index.php?rest_route=\/wp\/v2\/users\/1"}],"replies":[{"embeddable":true,"href":"https:\/\/www.lodelmomentoloja.com\/index.php?rest_route=%2Fwp%2Fv2%2Fcomments&post=14047"}],"version-history":[{"count":1,"href":"https:\/\/www.lodelmomentoloja.com\/index.php?rest_route=\/wp\/v2\/posts\/14047\/revisions"}],"predecessor-version":[{"id":14049,"href":"https:\/\/www.lodelmomentoloja.com\/index.php?rest_route=\/wp\/v2\/posts\/14047\/revisions\/14049"}],"wp:featuredmedia":[{"embeddable":true,"href":"https:\/\/www.lodelmomentoloja.com\/index.php?rest_route=\/wp\/v2\/media\/14048"}],"wp:attachment":[{"href":"https:\/\/www.lodelmomentoloja.com\/index.php?rest_route=%2Fwp%2Fv2%2Fmedia&parent=14047"}],"wp:term":[{"taxonomy":"category","embeddable":true,"href":"https:\/\/www.lodelmomentoloja.com\/index.php?rest_route=%2Fwp%2Fv2%2Fcategories&post=14047"},{"taxonomy":"post_tag","embeddable":true,"href":"https:\/\/www.lodelmomentoloja.com\/index.php?rest_route=%2Fwp%2Fv2%2Ftags&post=14047"}],"curies":[{"name":"wp","href":"https:\/\/api.w.org\/{rel}","templated":true}]}}