{"id":14002,"date":"2023-02-07T23:33:49","date_gmt":"2023-02-07T23:33:49","guid":{"rendered":"https:\/\/www.lodelmomentoloja.com\/?p=14002"},"modified":"2023-02-07T23:34:24","modified_gmt":"2023-02-07T23:34:24","slug":"vicepesidente-borrero-sale-a-respaldar-al-presidente-lasso","status":"publish","type":"post","link":"https:\/\/www.lodelmomentoloja.com\/?p=14002","title":{"rendered":"Vicepesidente Borrero sale a respaldar al presidente Lasso."},"content":{"rendered":"<p><span class=\"css-901oao css-16my406 r-poiln3 r-bcqeeo r-qvutc0\">Borrero, siendo muy poco activo en las redes sociales, no perdi\u00f3 la oportunidad de mediante las redes sociales subir una fotograf\u00eda con el Presidente Guillermo Lasso para respaldarlo con su trabajo comprometido, esto, ante la enorme ca\u00edda al realizar una consulta popular en medio de un proceso de elecciones seccionales y CPCCS, la cu\u00e1l ha generado una enorme crisis pol\u00edtica en el actual Gobierno y el crecimiento del movimiento pol\u00edtico de oposici\u00f3n liderado por el expresidente Rafael Correa, cabeza del movimiento Revoluci\u00f3n Ciudadana, al llevarse las alcald\u00edas y prefecturas de las provincias m\u00e1s grandes del Ecuador, como: Pichincha, Esmeraldas, Guayas y Azuay, entre otras.\u00a0<\/span><\/p>\n<blockquote class=\"twitter-tweet\" data-width=\"550\" data-dnt=\"true\">\n<p lang=\"es\" dir=\"ltr\">Con la decisi\u00f3n y la convicci\u00f3n de siempre, presidente <a href=\"https:\/\/twitter.com\/LassoGuillermo?ref_src=twsrc%5Etfw\">@LassoGuillermo<\/a>. Usted y el pueblo ecuatoriano cuentan con mi trabajo comprometido. <a href=\"https:\/\/t.co\/Qmlug4jxPW\">pic.twitter.com\/Qmlug4jxPW<\/a><\/p>\n<p>&mdash; Alfredo Borrero Vega (@ABorreroVega) <a href=\"https:\/\/twitter.com\/ABorreroVega\/status\/1623018598330499072?ref_src=twsrc%5Etfw\">February 7, 2023<\/a><\/p><\/blockquote>\n<p><script async src=\"https:\/\/platform.twitter.com\/widgets.js\" charset=\"utf-8\"><\/script><\/p>\n<h3>\u00bfQu\u00e9 ha hecho el vicepresidente los \u00faltimos 30 d\u00edas?<\/h3>\n<p>En un sondeo r\u00e1pido del \u00faltimo mes, entre el 7 de enero al 7 de febrero, el Vicepresidente de la rep\u00fablica Alfredo Borrero, quien ha sido criticado por su no tan visible participaci\u00f3n en el actual gobierno, ha realizado desde su cuenta oficial varios post propios y de apoyo, los cuales se han dividido en dos tipos: retweet y post.<\/p>\n<p><strong>En cuando a los retweets<\/strong> que a realizado, <strong>son en la gran mayor\u00eda para apoyar los mensajes realizados por el presidente Guillermo Lasso<\/strong>\u00a0<strong>de los 9 que han realizado<\/strong>, siete son para el primer mandatario y dos del Banco Mundial.<\/p>\n<ul>\n<li>Retweet del presidente Lasso, 8 de enero 2023.<\/li>\n<li>Retweet del presidente Lasso, 15 de enero 2023<\/li>\n<li>Retweet del presidente Lasso, 16 de enero 2023.<\/li>\n<li>Retweet del presidente Lasso, 24 de enero 2023.<\/li>\n<li>Retweet del Banco Mundial, 26 de enero 2023.<\/li>\n<li>Retweet del Banco Mundial, 30 de enero 2023.<\/li>\n<li>Retweet del presidente Lasso, 30 de enero 2023.<\/li>\n<li>Retweet del presidente Lasso, 31 de enero 2023.<\/li>\n<li>Retweet del presidente Lasso, 01 de febrero 2023.<\/li>\n<\/ul>\n<p>As\u00ed mismo, bajo su cuenta oficial de autoridad, se evidencia <strong>19 post (publicaciones)<\/strong> de las actividades al cargo de su funci\u00f3n como el segundo mandatario del Ecuador, de todas las que realiza en su plataforma, en 6 d\u00edas, realiz\u00f3 12 post de 19 que mantiene hasta la presente fecha con corte de 14h00 del 07 de febrero 2023.<\/p>\n<ul>\n<li><strong>Recorriendo hospital de Salud, 10 de enero 2023.<\/strong><\/li>\n<li><strong>Recorriendo hospital de Manab\u00ed, 10 de enero 2023.<\/strong><\/li>\n<li><strong>Recorriendo hospital de Manab\u00ed, 11 de enero 2023.<\/strong><\/li>\n<li><strong>Recorriendo dispensarios del IESS, 11 de enero 2023.<\/strong><\/li>\n<li>Asistencia a ceremonia, 17 de enero 2023<\/li>\n<li>Asistencia a evento de relaciones exteriores, 19 de enero 2023<\/li>\n<li><strong>Recorrido en Seguro Social IESS, 20 de enero 2023<\/strong><\/li>\n<li><strong>Asistencia al Gabinete de Salud, 20 de enero 2023<\/strong><\/li>\n<li>Asistencia a evento c\u00edvico, 24 de enero 2023<\/li>\n<li>Asistencia a relaciones exteriores, 25 de enero 2023<\/li>\n<li><strong>Recorrido de hospital, 26 de enero 2023<\/strong><\/li>\n<li><strong>Visita con el presidente a un hospital, 26 de enero 2023<\/strong><\/li>\n<li><strong>Visita con el presidente a un hospital, 27 de enero 20232<\/strong><\/li>\n<li><strong>Visita con el presidente a evento ceremonial, 27 de enero 2023.<\/strong><\/li>\n<li>Visita a un hospital de Quito, 3 de febrero 2023.<\/li>\n<li><strong>Asistencia al evento del elecciones, CNE, 5 de febrero 2023<\/strong><\/li>\n<li><strong>Voto en las elecciones, 5 de febrero 2023<\/strong><\/li>\n<li>Publicaci\u00f3n de respetar los resultados de la consulta, 06 de febrero 2023<\/li>\n<li>Publicaci\u00f3n de respaldo al presidente, 7 de febrero 2023<\/li>\n<\/ul>\n<p><em>S\u00edguenos #LDMnoticias \u00f3 #lodelmomentolojaLDM<\/em><\/p>\n","protected":false},"excerpt":{"rendered":"<p>Borrero, siendo muy poco activo en las redes sociales, no perdi\u00f3 la oportunidad de mediante&#8230;<\/p>\n","protected":false},"author":1,"featured_media":14006,"comment_status":"open","ping_status":"open","sticky":false,"template":"","format":"standard","meta":{"footnotes":""},"categories":[7,1],"tags":[],"class_list":["post-14002","post","type-post","status-publish","format-standard","has-post-thumbnail","hentry","category-ecuador","category-inicio"],"_links":{"self":[{"href":"https:\/\/www.lodelmomentoloja.com\/index.php?rest_route=\/wp\/v2\/posts\/14002"}],"collection":[{"href":"https:\/\/www.lodelmomentoloja.com\/index.php?rest_route=\/wp\/v2\/posts"}],"about":[{"href":"https:\/\/www.lodelmomentoloja.com\/index.php?rest_route=\/wp\/v2\/types\/post"}],"author":[{"embeddable":true,"href":"https:\/\/www.lodelmomentoloja.com\/index.php?rest_route=\/wp\/v2\/users\/1"}],"replies":[{"embeddable":true,"href":"https:\/\/www.lodelmomentoloja.com\/index.php?rest_route=%2Fwp%2Fv2%2Fcomments&post=14002"}],"version-history":[{"count":2,"href":"https:\/\/www.lodelmomentoloja.com\/index.php?rest_route=\/wp\/v2\/posts\/14002\/revisions"}],"predecessor-version":[{"id":14008,"href":"https:\/\/www.lodelmomentoloja.com\/index.php?rest_route=\/wp\/v2\/posts\/14002\/revisions\/14008"}],"wp:featuredmedia":[{"embeddable":true,"href":"https:\/\/www.lodelmomentoloja.com\/index.php?rest_route=\/wp\/v2\/media\/14006"}],"wp:attachment":[{"href":"https:\/\/www.lodelmomentoloja.com\/index.php?rest_route=%2Fwp%2Fv2%2Fmedia&parent=14002"}],"wp:term":[{"taxonomy":"category","embeddable":true,"href":"https:\/\/www.lodelmomentoloja.com\/index.php?rest_route=%2Fwp%2Fv2%2Fcategories&post=14002"},{"taxonomy":"post_tag","embeddable":true,"href":"https:\/\/www.lodelmomentoloja.com\/index.php?rest_route=%2Fwp%2Fv2%2Ftags&post=14002"}],"curies":[{"name":"wp","href":"https:\/\/api.w.org\/{rel}","templated":true}]}}