{"id":13999,"date":"2023-02-07T16:26:51","date_gmt":"2023-02-07T16:26:51","guid":{"rendered":"https:\/\/www.lodelmomentoloja.com\/?p=13999"},"modified":"2023-02-07T21:29:14","modified_gmt":"2023-02-07T21:29:14","slug":"primer-caso-de-alzheimer-en-joven","status":"publish","type":"post","link":"https:\/\/www.lodelmomentoloja.com\/?p=13999","title":{"rendered":"Primer caso de Alzheimer en joven"},"content":{"rendered":"<p>Un equipo de expertos de Pek\u00edn informaron el lunes 6 de febrero de 2023, del primer caso de un adolescente de 19 a\u00f1os con la enfermedad de #Alzheimer y confirmaron que la dolencia no es exclusiva de personas adultas o ancianas.<\/p>\n<p>Seg\u00fan el grupo de cient\u00edficos, del Centro de Innovaci\u00f3n para Des\u00f3rdenes Neurol\u00f3gicos de un hospital pequin\u00e9s, el joven empez\u00f3 a sufrir problemas de memoria a los 17 a\u00f1os y dificultades de concentraci\u00f3n en sus estudios.<\/p>\n<p>Un a\u00f1o m\u00e1s tarde, ya padec\u00eda una &#8220;p\u00e9rdida significativa de memoria reciente&#8221; que le imped\u00eda recordar eventos del d\u00eda anterior o d\u00f3nde estaban guardadas sus pertenencias. Su capacidad lectora se vio mermada y sus reacciones empezaron a ser cada vez m\u00e1s lentas, indicaron los expertos.<\/p>\n<p>El declive gradual de su memoria se agrav\u00f3 hasta el punto de que no pod\u00eda recordar si hab\u00eda comido o no y, como resultado del deterioro de sus funciones, el paciente tuvo que abandonar la escuela secundaria.<\/p>\n<p>Jia Jianping, que lider\u00f3 el estudio, asever\u00f3 que no hab\u00eda un historial de Alzheimer en la familia del joven y este tampoco ten\u00eda problemas gen\u00e9ticos o enfermedades que pudiesen ser la causa de la p\u00e9rdida de memoria.<\/p>\n<p>Jia pidi\u00f3 m\u00e1s atenci\u00f3n a la posibilidad de que el Alzheimer se manifieste en personas j\u00f3venes.<\/p>\n<p>V\u00eda: Radio Din\u00e1mica<\/p>\n<p>#LDMnoticias #lodelmomentolojaLDM<\/p>\n","protected":false},"excerpt":{"rendered":"<p>Un equipo de expertos de Pek\u00edn informaron el lunes 6 de febrero de 2023, del&#8230;<\/p>\n","protected":false},"author":1,"featured_media":14000,"comment_status":"open","ping_status":"open","sticky":false,"template":"","format":"standard","meta":{"footnotes":""},"categories":[1,4],"tags":[],"class_list":["post-13999","post","type-post","status-publish","format-standard","has-post-thumbnail","hentry","category-inicio","category-internacional"],"_links":{"self":[{"href":"https:\/\/www.lodelmomentoloja.com\/index.php?rest_route=\/wp\/v2\/posts\/13999"}],"collection":[{"href":"https:\/\/www.lodelmomentoloja.com\/index.php?rest_route=\/wp\/v2\/posts"}],"about":[{"href":"https:\/\/www.lodelmomentoloja.com\/index.php?rest_route=\/wp\/v2\/types\/post"}],"author":[{"embeddable":true,"href":"https:\/\/www.lodelmomentoloja.com\/index.php?rest_route=\/wp\/v2\/users\/1"}],"replies":[{"embeddable":true,"href":"https:\/\/www.lodelmomentoloja.com\/index.php?rest_route=%2Fwp%2Fv2%2Fcomments&post=13999"}],"version-history":[{"count":1,"href":"https:\/\/www.lodelmomentoloja.com\/index.php?rest_route=\/wp\/v2\/posts\/13999\/revisions"}],"predecessor-version":[{"id":14001,"href":"https:\/\/www.lodelmomentoloja.com\/index.php?rest_route=\/wp\/v2\/posts\/13999\/revisions\/14001"}],"wp:featuredmedia":[{"embeddable":true,"href":"https:\/\/www.lodelmomentoloja.com\/index.php?rest_route=\/wp\/v2\/media\/14000"}],"wp:attachment":[{"href":"https:\/\/www.lodelmomentoloja.com\/index.php?rest_route=%2Fwp%2Fv2%2Fmedia&parent=13999"}],"wp:term":[{"taxonomy":"category","embeddable":true,"href":"https:\/\/www.lodelmomentoloja.com\/index.php?rest_route=%2Fwp%2Fv2%2Fcategories&post=13999"},{"taxonomy":"post_tag","embeddable":true,"href":"https:\/\/www.lodelmomentoloja.com\/index.php?rest_route=%2Fwp%2Fv2%2Ftags&post=13999"}],"curies":[{"name":"wp","href":"https:\/\/api.w.org\/{rel}","templated":true}]}}