{"id":13996,"date":"2023-02-07T13:00:54","date_gmt":"2023-02-07T13:00:54","guid":{"rendered":"https:\/\/www.lodelmomentoloja.com\/?p=13996"},"modified":"2023-02-07T19:51:45","modified_gmt":"2023-02-07T19:51:45","slug":"la-consulta-popular-pierde-el-no-gana-en-ecuador-y-loja","status":"publish","type":"post","link":"https:\/\/www.lodelmomentoloja.com\/?p=13996","title":{"rendered":"La Consulta Popular pierde, el &#8220;NO&#8221; gana en Ecuador y Loja."},"content":{"rendered":"<p>El pasado 5 de febrero de 2023, 13.450.047 millones de ecuatorianos fueron habilitados para votar en las elecciones seccionales, CCPCS y refer\u00e9ndum. Seg\u00fan los datos del Consejo Nacional Electoral (CNE), 8,292,778 millones de ecuatorianos votaron en la consulta popular, de los cuales, 6,213,427 millones de ecuatorianos eligieron entre \u00f1as dos opciones entre el \u201cS\u00ed\u201d y \u201cNo\u201d, mientras que, unos 2,079,351 millones de ecuatorianos votaron por en blanco y nulo, dejando como resultado un aproximado 75% para contestar la consulta y otro 25% decidieron no elegir ninguna de las opciones antes mencionadas.<\/p>\n<p>&nbsp;<\/p>\n<p>A nivel de todo el Ecuador podemos exponer las cifras conforme a los resultados finales de las actas validadas del CNE, las cuales quedan de la siguiente manera:<\/p>\n<p>En la pregunta 1, el \u201cs\u00ed\u201d alcanza 3023687 (48.58%) y el \u201cno\u201d 3200260 (51.42%).<\/p>\n<p>En la pregunta 2, el \u201cs\u00ed\u201d alcanza 2639149 (43,41%) y el \u201cno\u201d 3440019 (56.59%).<\/p>\n<p>En la pregunta 3, el \u201cs\u00ed\u201d alcanza 2892680 (47.18%) y el \u201cno\u201d 3238584 (52.82%).<\/p>\n<p>En la pregunta 4, el \u201cs\u00ed\u201d alcanza 2802094 (45.71%) y el \u201cno\u201d 3327485 (54.29%).<\/p>\n<p>En la pregunta 5, el \u201cs\u00ed\u201d alcanza 2620182 (42.48%) y el \u201cno\u201d 3548355 (57.52%).<\/p>\n<p>En la pregunta 6, el \u201cs\u00ed\u201d alcanza 2587528 (42.25%) y el \u201cno\u201d 3537278 (57.75%).<\/p>\n<p>En la pregunta 7, el \u201cs\u00ed\u201d alcanza 2734483 (44.73%) y el \u201cno\u201d 3378615 (55.27%).<\/p>\n<p>En la pregunta 8, el \u201cs\u00ed\u201d alcanza 2673881 (44.19%) y el \u201cno\u201d 3377067 (55.81%).<\/p>\n<p>&nbsp;<\/p>\n<p>Por otro lado, en la provincia de Loja, 279,582 personas dieron presencia a la consulta popular. Aproximadamente 218,065 personas votaron por el \u201cS\u00ed\u201d y por el \u201cNo\u201d con un porcentaje del 78%, en cambio, en lo que respecta a la generaci\u00f3n de votos nulos y bancos, unas 61,517 personas bajo esa consigna, dejando un porcentaje del 22%.<\/p>\n<p>\u00bfC\u00f3mo quedaron los resultados en la provincia de Loja?<\/p>\n<p>En la pregunta 1, el \u201cs\u00ed\u201d alcanza 103101 (47.28%) y el \u201cno\u201d 114964 (52.72%).<\/p>\n<p>En la pregunta 2, el \u201cs\u00ed\u201d alcanza 89704 (42.62%) y el \u201cno\u201d 120775 (57.38%).<\/p>\n<p>En la pregunta 3, el \u201cs\u00ed\u201d alcanza 100800 (46.87%) y el \u201cno\u201d 114282 (53.13%).<\/p>\n<p>En la pregunta 4, el \u201cs\u00ed\u201d alcanza 97038 (45.65%) y el \u201cno\u201d 115528 (54.35%).<\/p>\n<p>En la pregunta 5, el \u201cs\u00ed\u201d alcanza 89529 (42.02%) y el \u201cno\u201d 123540 (57.98%).<\/p>\n<p>En la pregunta 6, el \u201cs\u00ed\u201d alcanza 89766 (42.16%) y el \u201cno\u201d 123132 (57.84%).<\/p>\n<p>En la pregunta 7, el \u201cs\u00ed\u201d alcanza 94347 (44.58%) y el \u201cno\u201d 117283 (55.42%).<\/p>\n<p>En la pregunta 8, el \u201cs\u00ed\u201d alcanza 94046 (44.12%) y el \u201cno\u201d 119109 (55.88%).<\/p>\n<p>Los resultados de la consulta popular, hicieron que la noche de ayer, lunes 06 de febrero del 2023, el presidente Guillermo Lasso, mediante un mensaje a la naci\u00f3n, manifest\u00f3 que los resultados de la consulta fueron un llamado de atenci\u00f3n del pueblo hacia el gobierno y no deben rechazar esta situaci\u00f3n, por lo que, se debe aceptar y tomar con responsabilidad.<\/p>\n<p>\u201cCuando el pueblo habla es deber de los gobernantes analizar, entender y aceptarlo\u201d, declar\u00f3 el mandatario Guillermo Lasso, sobre la consulta popular.<\/p>\n<p>Carlos Jij\u00f3n, vocero oficial de Guillermo Lasso, a\u00fan no da respuesta ante los datos oficiales de la consulta popular, de igual manera, Byron Maldonado, asamble\u00edsta de Loja, tampoco se no se ha pronunciado al respecto, peor a\u00fan en sus redes sociales.<\/p>\n<p>El otro lado de la moneda con respecto a la Consulta Popular y principal impulsor del NO a la actividad desarrollada por el Gobierno fue el expresidente Rafael Correa, qui\u00e9n se expres\u00f3 a trav\u00e9s de su cuenta de twitter, ha mencionado lo siguiente: \u201c<span class=\"css-901oao css-16my406 r-poiln3 r-bcqeeo r-qvutc0\">Los borregos unidos jam\u00e1s ser\u00e1n vencidos<\/span>.\u201d<\/p>\n<blockquote class=\"twitter-tweet\" data-width=\"550\" data-dnt=\"true\">\n<p lang=\"es\" dir=\"ltr\">Los borregos unidos jam\u00e1s ser\u00e1n vencidos\ud83d\ude09 <a href=\"https:\/\/t.co\/sTYs3VJTzp\">pic.twitter.com\/sTYs3VJTzp<\/a><\/p>\n<p>&mdash; Rafael Correa (@MashiRafael) <a href=\"https:\/\/twitter.com\/MashiRafael\/status\/1622646877647667201?ref_src=twsrc%5Etfw\">February 6, 2023<\/a><\/p><\/blockquote>\n<p><script async src=\"https:\/\/platform.twitter.com\/widgets.js\" charset=\"utf-8\"><\/script><\/p>\n<p>Leonidas Iza, presidente de la Confederaci\u00f3n de Nacionalidades Ind\u00edgenas del Ecuador (Conaie) tambi\u00e9n hizo lo propio y no dej\u00f3 pasar su postura contraria a la consulta, as\u00ed mismo, mediante su twitter, expres\u00f3: \u201cEl NO en la consulta popular es el triunfo del pueblo, quienes sentimos las verdaderas necesidades e injusticias dijimos 8 veces NO a la Consulta tramposa. Esta voluntad debe respetarse, no podemos permitir ninguna presi\u00f3n del Ejecutivo al <a href=\"https:\/\/twitter.com\/cnegobec\">@cnegobec<\/a> para manipular los resultados.\u201d<\/p>\n<blockquote class=\"twitter-tweet\" data-width=\"550\" data-dnt=\"true\">\n<p lang=\"es\" dir=\"ltr\">El NO en la consulta popular es el triunfo del pueblo, quienes sentimos las verdaderas necesidades e injusticias dijimos 8 veces NO a la Consulta tramposa. Esta voluntad debe respetarse, no podemos permitir ninguna presi\u00f3n del Ejecutivo al <a href=\"https:\/\/twitter.com\/cnegobec?ref_src=twsrc%5Etfw\">@cnegobec<\/a> para manipular los resultados. <a href=\"https:\/\/t.co\/29EswnNJfC\">pic.twitter.com\/29EswnNJfC<\/a><\/p>\n<p>&mdash; Leonidas Iza Salazar (@LeonidasIzaSal1) <a href=\"https:\/\/twitter.com\/LeonidasIzaSal1\/status\/1622698280097353770?ref_src=twsrc%5Etfw\">February 6, 2023<\/a><\/p><\/blockquote>\n<p><script async src=\"https:\/\/platform.twitter.com\/widgets.js\" charset=\"utf-8\"><\/script><\/p>\n<p>Finalmente, despu\u00e9s de una larga jornada de conteo de votos, los lojanos no est\u00e1n de acuerdo con el sistema de gobierno del presidente Guillermo Lasso, pese a ser la segunda provincia con mayor respaldo cuando corr\u00eda como en las presidenciables, hoy le da la espalda con un NO mayoritario, esto, tras haberse expuesto los datos del 97% de total de las actas procesadas.<\/p>\n<p>&nbsp;<\/p>\n<p>S\u00edguenos #LDMnoticias \u00f3 #lodelmomentolojaLDM<\/p>\n","protected":false},"excerpt":{"rendered":"<p>El pasado 5 de febrero de 2023, 13.450.047 millones de ecuatorianos fueron habilitados para votar&#8230;<\/p>\n","protected":false},"author":1,"featured_media":13998,"comment_status":"open","ping_status":"open","sticky":false,"template":"","format":"standard","meta":{"footnotes":""},"categories":[1,5],"tags":[],"class_list":["post-13996","post","type-post","status-publish","format-standard","has-post-thumbnail","hentry","category-inicio","category-loja"],"_links":{"self":[{"href":"https:\/\/www.lodelmomentoloja.com\/index.php?rest_route=\/wp\/v2\/posts\/13996"}],"collection":[{"href":"https:\/\/www.lodelmomentoloja.com\/index.php?rest_route=\/wp\/v2\/posts"}],"about":[{"href":"https:\/\/www.lodelmomentoloja.com\/index.php?rest_route=\/wp\/v2\/types\/post"}],"author":[{"embeddable":true,"href":"https:\/\/www.lodelmomentoloja.com\/index.php?rest_route=\/wp\/v2\/users\/1"}],"replies":[{"embeddable":true,"href":"https:\/\/www.lodelmomentoloja.com\/index.php?rest_route=%2Fwp%2Fv2%2Fcomments&post=13996"}],"version-history":[{"count":1,"href":"https:\/\/www.lodelmomentoloja.com\/index.php?rest_route=\/wp\/v2\/posts\/13996\/revisions"}],"predecessor-version":[{"id":13997,"href":"https:\/\/www.lodelmomentoloja.com\/index.php?rest_route=\/wp\/v2\/posts\/13996\/revisions\/13997"}],"wp:featuredmedia":[{"embeddable":true,"href":"https:\/\/www.lodelmomentoloja.com\/index.php?rest_route=\/wp\/v2\/media\/13998"}],"wp:attachment":[{"href":"https:\/\/www.lodelmomentoloja.com\/index.php?rest_route=%2Fwp%2Fv2%2Fmedia&parent=13996"}],"wp:term":[{"taxonomy":"category","embeddable":true,"href":"https:\/\/www.lodelmomentoloja.com\/index.php?rest_route=%2Fwp%2Fv2%2Fcategories&post=13996"},{"taxonomy":"post_tag","embeddable":true,"href":"https:\/\/www.lodelmomentoloja.com\/index.php?rest_route=%2Fwp%2Fv2%2Ftags&post=13996"}],"curies":[{"name":"wp","href":"https:\/\/api.w.org\/{rel}","templated":true}]}}