{"id":13952,"date":"2023-02-02T12:32:32","date_gmt":"2023-02-02T12:32:32","guid":{"rendered":"https:\/\/www.lodelmomentoloja.com\/?p=13952"},"modified":"2023-02-02T17:40:58","modified_gmt":"2023-02-02T17:40:58","slug":"viteri-arremete-contra-gobierno-de-lasso","status":"publish","type":"post","link":"https:\/\/www.lodelmomentoloja.com\/?p=13952","title":{"rendered":"Viteri arremete contra Gobierno de Lasso"},"content":{"rendered":"<p dir=\"ltr\">\ud83d\ude4e\ud83c\udffb\u200d\u2640\ufe0f\ud83d\udc4b\ud83c\udffc\ud83d\udc40 \u00a1Que se vaya! La candidata socialcristiana arremeti\u00f3 contra el Gobierno, durante un mitin pol\u00edtico realizado en el sector de Ciudad de Dios, en el noroeste de la urbe. despu\u00e9s de que el primer mandatario cuestion\u00f3 el manejo de las finanzas del Municipio de Guayaquil.<\/p>\n<p dir=\"ltr\">www.lodelmomentoloja.com<br \/>\n#LDMnoticias #LodelmomentolojaLDM<\/p>\n","protected":false},"excerpt":{"rendered":"<p>\ud83d\ude4e\ud83c\udffb\u200d\u2640\ufe0f\ud83d\udc4b\ud83c\udffc\ud83d\udc40 \u00a1Que se vaya! La candidata socialcristiana arremeti\u00f3 contra el Gobierno, durante un mitin pol\u00edtico&#8230;<\/p>\n","protected":false},"author":1,"featured_media":13956,"comment_status":"open","ping_status":"open","sticky":false,"template":"","format":"standard","meta":{"footnotes":""},"categories":[7,1],"tags":[],"class_list":["post-13952","post","type-post","status-publish","format-standard","has-post-thumbnail","hentry","category-ecuador","category-inicio"],"_links":{"self":[{"href":"https:\/\/www.lodelmomentoloja.com\/index.php?rest_route=\/wp\/v2\/posts\/13952"}],"collection":[{"href":"https:\/\/www.lodelmomentoloja.com\/index.php?rest_route=\/wp\/v2\/posts"}],"about":[{"href":"https:\/\/www.lodelmomentoloja.com\/index.php?rest_route=\/wp\/v2\/types\/post"}],"author":[{"embeddable":true,"href":"https:\/\/www.lodelmomentoloja.com\/index.php?rest_route=\/wp\/v2\/users\/1"}],"replies":[{"embeddable":true,"href":"https:\/\/www.lodelmomentoloja.com\/index.php?rest_route=%2Fwp%2Fv2%2Fcomments&post=13952"}],"version-history":[{"count":1,"href":"https:\/\/www.lodelmomentoloja.com\/index.php?rest_route=\/wp\/v2\/posts\/13952\/revisions"}],"predecessor-version":[{"id":13954,"href":"https:\/\/www.lodelmomentoloja.com\/index.php?rest_route=\/wp\/v2\/posts\/13952\/revisions\/13954"}],"wp:featuredmedia":[{"embeddable":true,"href":"https:\/\/www.lodelmomentoloja.com\/index.php?rest_route=\/wp\/v2\/media\/13956"}],"wp:attachment":[{"href":"https:\/\/www.lodelmomentoloja.com\/index.php?rest_route=%2Fwp%2Fv2%2Fmedia&parent=13952"}],"wp:term":[{"taxonomy":"category","embeddable":true,"href":"https:\/\/www.lodelmomentoloja.com\/index.php?rest_route=%2Fwp%2Fv2%2Fcategories&post=13952"},{"taxonomy":"post_tag","embeddable":true,"href":"https:\/\/www.lodelmomentoloja.com\/index.php?rest_route=%2Fwp%2Fv2%2Ftags&post=13952"}],"curies":[{"name":"wp","href":"https:\/\/api.w.org\/{rel}","templated":true}]}}