{"id":13943,"date":"2023-02-01T16:54:01","date_gmt":"2023-02-01T16:54:01","guid":{"rendered":"https:\/\/www.lodelmomentoloja.com\/?p=13943"},"modified":"2023-02-01T20:58:28","modified_gmt":"2023-02-01T20:58:28","slug":"la-carcel-mas-grande-de-latinoamerica","status":"publish","type":"post","link":"https:\/\/www.lodelmomentoloja.com\/?p=13943","title":{"rendered":"La c\u00e1rcel m\u00e1s grande de Latinoam\u00e9rica"},"content":{"rendered":"<p dir=\"ltr\">\ud83d\ude31\u26d3\ufe0f\ud83d\udc6e\ud83c\udffb \u00a1La m\u00e1s grande! El presidente de El Salvador, Nayib Bukele, present\u00f3 la c\u00e1rcel \u201cm\u00e1s grande de Am\u00e9rica\u201d, donde encerrar\u00e1 a 40.000 presuntos pandilleros. La megac\u00e1rcel fue construida en una zona rural aislada en un valle cercano a Tecoluca, 74 kil\u00f3metros al sureste de San Salvador.<\/p>\n<p dir=\"ltr\">El predio de 166 hect\u00e1reas tiene una decena de pabellones que ocupan 23 hect\u00e1reas, explic\u00f3 el ministro de Obras P\u00fablicas,\u00a0<b>Romeo Rodr\u00edguez<\/b>, en una cadena nacional de radio y televisi\u00f3n.<\/p>\n<p dir=\"ltr\">www.lodelmomentoloja.com<br \/>\n#LDMnoticias#lodelmomentolojaLDM<\/p>\n","protected":false},"excerpt":{"rendered":"<p>\ud83d\ude31\u26d3\ufe0f\ud83d\udc6e\ud83c\udffb \u00a1La m\u00e1s grande! El presidente de El Salvador, Nayib Bukele, present\u00f3 la c\u00e1rcel \u201cm\u00e1s&#8230;<\/p>\n","protected":false},"author":1,"featured_media":13944,"comment_status":"open","ping_status":"open","sticky":false,"template":"","format":"standard","meta":{"footnotes":""},"categories":[1,4],"tags":[],"class_list":["post-13943","post","type-post","status-publish","format-standard","has-post-thumbnail","hentry","category-inicio","category-internacional"],"_links":{"self":[{"href":"https:\/\/www.lodelmomentoloja.com\/index.php?rest_route=\/wp\/v2\/posts\/13943"}],"collection":[{"href":"https:\/\/www.lodelmomentoloja.com\/index.php?rest_route=\/wp\/v2\/posts"}],"about":[{"href":"https:\/\/www.lodelmomentoloja.com\/index.php?rest_route=\/wp\/v2\/types\/post"}],"author":[{"embeddable":true,"href":"https:\/\/www.lodelmomentoloja.com\/index.php?rest_route=\/wp\/v2\/users\/1"}],"replies":[{"embeddable":true,"href":"https:\/\/www.lodelmomentoloja.com\/index.php?rest_route=%2Fwp%2Fv2%2Fcomments&post=13943"}],"version-history":[{"count":1,"href":"https:\/\/www.lodelmomentoloja.com\/index.php?rest_route=\/wp\/v2\/posts\/13943\/revisions"}],"predecessor-version":[{"id":13945,"href":"https:\/\/www.lodelmomentoloja.com\/index.php?rest_route=\/wp\/v2\/posts\/13943\/revisions\/13945"}],"wp:featuredmedia":[{"embeddable":true,"href":"https:\/\/www.lodelmomentoloja.com\/index.php?rest_route=\/wp\/v2\/media\/13944"}],"wp:attachment":[{"href":"https:\/\/www.lodelmomentoloja.com\/index.php?rest_route=%2Fwp%2Fv2%2Fmedia&parent=13943"}],"wp:term":[{"taxonomy":"category","embeddable":true,"href":"https:\/\/www.lodelmomentoloja.com\/index.php?rest_route=%2Fwp%2Fv2%2Fcategories&post=13943"},{"taxonomy":"post_tag","embeddable":true,"href":"https:\/\/www.lodelmomentoloja.com\/index.php?rest_route=%2Fwp%2Fv2%2Ftags&post=13943"}],"curies":[{"name":"wp","href":"https:\/\/api.w.org\/{rel}","templated":true}]}}