{"id":13930,"date":"2023-02-01T08:36:24","date_gmt":"2023-02-01T08:36:24","guid":{"rendered":"https:\/\/www.lodelmomentoloja.com\/?p=13930"},"modified":"2023-02-01T13:38:51","modified_gmt":"2023-02-01T13:38:51","slug":"record-en-cifra-de-asesinatos-en-ecuador","status":"publish","type":"post","link":"https:\/\/www.lodelmomentoloja.com\/?p=13930","title":{"rendered":"Record en cifra de asesinatos, en Ecuador"},"content":{"rendered":"<p>La disputa de territorio entre bandas delictivas dedicada al microtr\u00e1fico de drogas, en el noroeste y del sur de Guayaquil, i<strong>ncrementaron la cifra de muertes violentes en un 60%<\/strong>\u00a0en el mes de enero de 2023. 161 es el cantidad\u00a0<strong>m\u00e1s alta de las \u00faltimas dos d\u00e9cadas<\/strong>.<\/p>\n<p>Informaci\u00f3n oficial revel\u00f3 que<a href=\"https:\/\/twitter.com\/carlosoporto\/status\/1620108105651736577\">\u00a0la cifra es la m\u00e1s alta en el pa\u00eds en los \u00faltimos 13<\/a>\u00a0a\u00f1os. En 2010, la cantidad fue de 61; en tanto, la m\u00e1s baja se registr\u00f3 en 2015 con 12 casos.<\/p>\n<p>Seg\u00fan la Polic\u00eda, el 89% (143 personas) de las v\u00edctimas fallecieron a causa de\u00a0<strong>violencia criminal<\/strong>. El resto 9% (14) corresponde a\u00a0<strong>violencia interpersonal<\/strong>\u00a0y 2% (4) muri\u00f3 por\u00a0<strong>violencia sociopol\u00edtica<\/strong>.<\/p>\n<p>En el informe se expone que de las 161 muertes, 9 eran mujeres y el resto\u00a0<strong>hombres.<\/strong><\/p>\n<p>#LDMnoticias #lodelmomentolojaLDM<\/p>\n","protected":false},"excerpt":{"rendered":"<p>La disputa de territorio entre bandas delictivas dedicada al microtr\u00e1fico de drogas, en el noroeste&#8230;<\/p>\n","protected":false},"author":1,"featured_media":13931,"comment_status":"open","ping_status":"open","sticky":false,"template":"","format":"standard","meta":{"footnotes":""},"categories":[7,1,4],"tags":[],"class_list":["post-13930","post","type-post","status-publish","format-standard","has-post-thumbnail","hentry","category-ecuador","category-inicio","category-internacional"],"_links":{"self":[{"href":"https:\/\/www.lodelmomentoloja.com\/index.php?rest_route=\/wp\/v2\/posts\/13930"}],"collection":[{"href":"https:\/\/www.lodelmomentoloja.com\/index.php?rest_route=\/wp\/v2\/posts"}],"about":[{"href":"https:\/\/www.lodelmomentoloja.com\/index.php?rest_route=\/wp\/v2\/types\/post"}],"author":[{"embeddable":true,"href":"https:\/\/www.lodelmomentoloja.com\/index.php?rest_route=\/wp\/v2\/users\/1"}],"replies":[{"embeddable":true,"href":"https:\/\/www.lodelmomentoloja.com\/index.php?rest_route=%2Fwp%2Fv2%2Fcomments&post=13930"}],"version-history":[{"count":1,"href":"https:\/\/www.lodelmomentoloja.com\/index.php?rest_route=\/wp\/v2\/posts\/13930\/revisions"}],"predecessor-version":[{"id":13932,"href":"https:\/\/www.lodelmomentoloja.com\/index.php?rest_route=\/wp\/v2\/posts\/13930\/revisions\/13932"}],"wp:featuredmedia":[{"embeddable":true,"href":"https:\/\/www.lodelmomentoloja.com\/index.php?rest_route=\/wp\/v2\/media\/13931"}],"wp:attachment":[{"href":"https:\/\/www.lodelmomentoloja.com\/index.php?rest_route=%2Fwp%2Fv2%2Fmedia&parent=13930"}],"wp:term":[{"taxonomy":"category","embeddable":true,"href":"https:\/\/www.lodelmomentoloja.com\/index.php?rest_route=%2Fwp%2Fv2%2Fcategories&post=13930"},{"taxonomy":"post_tag","embeddable":true,"href":"https:\/\/www.lodelmomentoloja.com\/index.php?rest_route=%2Fwp%2Fv2%2Ftags&post=13930"}],"curies":[{"name":"wp","href":"https:\/\/api.w.org\/{rel}","templated":true}]}}