{"id":13857,"date":"2023-01-30T09:00:33","date_gmt":"2023-01-30T09:00:33","guid":{"rendered":"https:\/\/www.lodelmomentoloja.com\/?p=13857"},"modified":"2023-01-30T23:18:55","modified_gmt":"2023-01-30T23:18:55","slug":"13857","status":"publish","type":"post","link":"https:\/\/www.lodelmomentoloja.com\/?p=13857","title":{"rendered":"Duros del correismo con suerte en la justicia"},"content":{"rendered":"<p id=\"m103-102-104\" class=\"paragraph \">En los \u00faltimos d\u00edas, la justicia le ha sonre\u00eddo a tres exfuncionarios del gobierno del\u00a0<strong>expresidente Rafael Correa.<\/strong><\/p>\n<p id=\"m108-107-109\" class=\"paragraph \">El \u00faltimo caso es el de\u00a0<strong>Alexis Mera,<\/strong>\u00a0ex secretario jur\u00eddico de la\u00a0<strong>Presidencia\u00a0<\/strong>durante el corre\u00edsmo, quien recibi\u00f3 este viernes 27 de enero el beneficio penitenciario de la prelibertad tras permanecer m\u00e1s del 40 % de la condena en la c\u00e1rcel.<\/p>\n<p>El d\u00eda anterior fue el turno del<strong>\u00a0exvicepresidente Jorge Glas<\/strong>, a quien la jueza de Garant\u00edas Penitenciarias de Pichincha, Melissa Mu\u00f1oz, le concedi\u00f3 la unificaci\u00f3n de penas solicitada por su defensor\u00a0<strong>Christian Palacios<\/strong>. No dio paso a la prelibertad porque argument\u00f3 que debe tratarse en otro tr\u00e1mite. Glas est\u00e1 libre desde noviembre de 2022.<\/p>\n<p>La semana pasada al exsecretario de Comunicaci\u00f3n del corre\u00edsmo,\u00a0<strong>Fernando Alvarado<\/strong>, el juez Geovanny Freire le concedi\u00f3 el pago de una cauci\u00f3n de 10.000 d\u00f3lares.<\/p>\n<p>El beneficio se dio para que pueda defenderse en libertad en el caso del retiro de su grillete, que recibi\u00f3 cuando era investigado por posible\u00a0<strong>peculado\u00a0<\/strong>en el caso Secom, en el que se ratific\u00f3 su inocencia.<\/p>\n<p>&nbsp;<\/p>\n<div id=\"m191-190-192\" class=\"composite-quote quote \">\n<p id=\"m196-195-197\" class=\"quote-text \">&#8220;Es evidente que el Gobierno necesita acuerdos para gobernar, m\u00e1s a\u00fan en la crisis institucional que enfrenta con el inicio de la investigaci\u00f3n que se hizo p\u00fablica en d\u00edas pasados\u201d. Mar\u00eda Teresa Torres, abogada en libre ejercicio y experta en Derecho Penal<\/p>\n<\/div>\n<p id=\"m206-205-207\" class=\"paragraph \">\u00bfCoincidencia?<strong>\u00a0David Mesa<\/strong>, abogado del exsecretario de Comunicaci\u00f3n del corre\u00edsmo,\u00a0<strong>Fernando Alvarado<\/strong>, opina que s\u00ed.<\/p>\n<p>&nbsp;<\/p>\n<p id=\"m216-215-217\" class=\"quote-text \">&#8220;No existen suspicacias. Lo que est\u00e1 generando son precedentes de cumplimiento de la normativa. En el caso del doctor Alvarado hubo investigaciones desde 2019&#8221;. <span id=\"m221-220-222\" class=\"author \">David Mesa, abogado de Fernando Alvarado, exsecretario de Comunicaci\u00f3n<\/span><\/p>\n<p>&nbsp;<\/p>\n<p id=\"m226-225-227\" class=\"paragraph \">Considera que la gente tiene que saber que \u201caqu\u00ed no existe\u00a0<strong>suspicacia<\/strong>, lo que est\u00e1 generando son precedentes de cumplimiento de la normativa\u201d.<\/p>\n<p id=\"m231-230-232\" class=\"paragraph \">Cont\u00f3 que en el caso las\u00a0<strong>investigaciones\u00a0<\/strong>vienen desde 2019, la audiencia estuvo convocada hace m\u00e1s de seis meses y por distintas razones no se dio. \u201cPara m\u00ed es una coincidencia que no tiene nada que ver con ning\u00fan pacto debajo de la mesa\u201d. Asegura que Alvarado est\u00e1 reuniendo los 10.000 d\u00f3lares para pagar y volver al pa\u00eds. Pero eso no ocurrir\u00e1 antes de las elecciones seccionales.<\/p>\n<p>&nbsp;<\/p>\n<p id=\"m267-266-268\" class=\"paragraph \">Diego Guarderas defiende a Alexis Mera. Para \u00e9l, cada una de las defensas ha llevado adelante su propia estrategia. \u201cHa coincidido en tiempos y enhorabuena que se empiece a enderezar el accionar de la\u00a0<strong>justicia\u00a0<\/strong>ante condenas injustas y persecuci\u00f3n a nivel judicial por fines pol\u00edticos b\u00e1sicamente\u201d, dijo.<\/p>\n<p id=\"m272-271-273\" class=\"paragraph \">Para\u00a0<strong>C\u00e9sar Mont\u00fafar, exasamble\u00edsta\u00a0<\/strong>y acusador particular en el caso Sobornos 2012-2016, es totalmente parad\u00f3jico que mientras esas personas est\u00e1n haciendo uso de todos los instrumentos judiciales que tienen para obtener\u00a0<strong>beneficios\u00a0<\/strong>como la prelibertad o la unificaci\u00f3n de penas sin haber devuelto un solo centavo al Estado, \u201cal mismo tiempo desde Fiscal\u00eda no se avanza un \u00e1pice en los procesos de investigaci\u00f3n previa\u201d<\/p>\n<p>Afirma que en esos casos lo que se encuentra es una par\u00e1lisis absoluta y ninguna de las denuncias y los procesos de\u00a0<strong>investigaci\u00f3n\u00a0<\/strong>avanzan. \u201cEs decir, el pacto es, por un lado, liberar a todos y ya no investigar m\u00e1s\u201d, concluye.<\/p>\n<p>&nbsp;<\/p>\n<p id=\"m297-296-298\" class=\"paragraph \"><strong>El detalle<\/strong><\/p>\n<p id=\"m302-301-303\" class=\"paragraph \"><strong>An\u00e1lisis.<\/strong>\u00a0La abogada\u00a0<strong>Mar\u00eda Teresa Torres<\/strong> dice que en el caso de Mera era legalmente procedente. No emite criterio para los casos de Glas y Alvarado.<\/p>\n<p>&nbsp;<\/p>\n<p>Fuente: EL EXPRESO.<\/p>\n<p><a href=\"https:\/\/www.expreso.ec\/actualidad\/alvarado-glas-mera-racha-ganadora-justicia-148602.html\">https:\/\/www.expreso.ec\/actualidad\/alvarado-glas-mera-racha-ganadora-justicia-148602.html\u00a0<\/a><\/p>\n<p>&nbsp;<\/p>\n<p><em>S\u00edguenos #LDMnoticias \u00f3 #lodelmomentolojaLDM<\/em><\/p>\n","protected":false},"excerpt":{"rendered":"<p>En los \u00faltimos d\u00edas, la justicia le ha sonre\u00eddo a tres exfuncionarios del gobierno del\u00a0expresidente&#8230;<\/p>\n","protected":false},"author":1,"featured_media":13858,"comment_status":"open","ping_status":"open","sticky":false,"template":"","format":"standard","meta":{"footnotes":""},"categories":[7,1,5],"tags":[],"class_list":["post-13857","post","type-post","status-publish","format-standard","has-post-thumbnail","hentry","category-ecuador","category-inicio","category-loja"],"_links":{"self":[{"href":"https:\/\/www.lodelmomentoloja.com\/index.php?rest_route=\/wp\/v2\/posts\/13857"}],"collection":[{"href":"https:\/\/www.lodelmomentoloja.com\/index.php?rest_route=\/wp\/v2\/posts"}],"about":[{"href":"https:\/\/www.lodelmomentoloja.com\/index.php?rest_route=\/wp\/v2\/types\/post"}],"author":[{"embeddable":true,"href":"https:\/\/www.lodelmomentoloja.com\/index.php?rest_route=\/wp\/v2\/users\/1"}],"replies":[{"embeddable":true,"href":"https:\/\/www.lodelmomentoloja.com\/index.php?rest_route=%2Fwp%2Fv2%2Fcomments&post=13857"}],"version-history":[{"count":2,"href":"https:\/\/www.lodelmomentoloja.com\/index.php?rest_route=\/wp\/v2\/posts\/13857\/revisions"}],"predecessor-version":[{"id":13872,"href":"https:\/\/www.lodelmomentoloja.com\/index.php?rest_route=\/wp\/v2\/posts\/13857\/revisions\/13872"}],"wp:featuredmedia":[{"embeddable":true,"href":"https:\/\/www.lodelmomentoloja.com\/index.php?rest_route=\/wp\/v2\/media\/13858"}],"wp:attachment":[{"href":"https:\/\/www.lodelmomentoloja.com\/index.php?rest_route=%2Fwp%2Fv2%2Fmedia&parent=13857"}],"wp:term":[{"taxonomy":"category","embeddable":true,"href":"https:\/\/www.lodelmomentoloja.com\/index.php?rest_route=%2Fwp%2Fv2%2Fcategories&post=13857"},{"taxonomy":"post_tag","embeddable":true,"href":"https:\/\/www.lodelmomentoloja.com\/index.php?rest_route=%2Fwp%2Fv2%2Ftags&post=13857"}],"curies":[{"name":"wp","href":"https:\/\/api.w.org\/{rel}","templated":true}]}}