{"id":13806,"date":"2023-01-26T12:58:01","date_gmt":"2023-01-26T12:58:01","guid":{"rendered":"https:\/\/www.lodelmomentoloja.com\/?p=13806"},"modified":"2023-01-26T17:58:58","modified_gmt":"2023-01-26T17:58:58","slug":"loja-capital-cultural-y-musical-del-ecuador","status":"publish","type":"post","link":"https:\/\/www.lodelmomentoloja.com\/?p=13806","title":{"rendered":"Loja, capital cultural y musical del Ecuador"},"content":{"rendered":"<p dir=\"ltr\">\ud83c\udfb8\ud83c\udfa8\ud83d\udcd6 \u00a1La gloriosa cuna de artistas! La inmaculada concepci\u00f3n de Loja, es la cuna de notables artistas e intelectuales por ende es considerada como la \u201ccapital cultural del Ecuador.<\/p>\n<p dir=\"ltr\">La ciudad se precia de ser el suelo natal de connotados intelectuales de importancia nacional como Benjam\u00edn Carri\u00f3n (fundador de la Casa de la Cultura Ecuatoriana), P\u00edo Jaramillo Alvarado, Miguel Riofr\u00edo (escritor de la primera novela ecuatoriana), Pablo Palacio, \u00c1ngel Felic\u00edsimo Rojas, Miguel \u00c1ngel Aguirre, Carlos Carri\u00f3n, Manuel Agust\u00edn Aguirre, Isidro Ayora, Manuel Carri\u00f3n Pinzano, Eduardo Mora Moreno, Carlos Miguel Agust\u00edn Vaca (Fundador de la Sayce); los escultores Daniel y Alfredo Palacio, es cuna de grandes m\u00fasicos como Salvador Bustamante Celi, Segundo Cueva Celi, Marcos Ochoa Mu\u00f1oz, Edgar Palacios, o algunos integrantes de Pueblo Nuevo.<\/p>\n<p dir=\"ltr\">Existe una marcada inclinaci\u00f3n por las artes musicales, lo que ha generado para la ciudad el apelativo de \u2018Capital Musical del Ecuador\u2019. Tambi\u00e9n se proyectan como disciplinas que concitan inter\u00e9s y acci\u00f3n de los ciudadanos: la literatura, la pintura, la oratoria y el cine.<\/p>\n<p dir=\"ltr\">Desde finales del siglo XX tiene una Orquesta Sinf\u00f3nica reconocida por su nivel de desarrollo. Adem\u00e1s, a partir de 2016 es sede principal del Festival Internacional de Artes Vivas.<\/p>\n<p dir=\"ltr\">Cuna tambi\u00e9n de pintores como Eduardo Kingman, famoso por sus pinturas indigenistas y por ser el precursor de este movimiento art\u00edstico en el pa\u00eds. La ciudad est\u00e1 llena de obras de arte p\u00fablicas, incluyendo enormes murales de azulejos pintados, frescos, y estatuas.<\/p>\n<p dir=\"ltr\">De particular inter\u00e9s son los frescos de la Bol\u00edvar y Sucre que saludan a los visitantes que pasan por la puerta de la ciudad. Entre otros, tambi\u00e9n lo est\u00e1, Oswaldo Mora, a quien consideran pionero del estilo vitralista del pa\u00eds.<\/p>\n<p dir=\"ltr\">Es m\u00e1s, esto es tan importante para la identidad de los lojanos que existe un dicho popular que dice: \u201cEl que no toca la guitarra puede cantar una canci\u00f3n. El que no canta una canci\u00f3n puede escribir un verso. El que no escribe un verso puede leer un libro\u201d.<\/p>\n<p dir=\"ltr\">Valor hist\u00f3rico y testimonial: La presencia de la tradici\u00f3n espa\u00f1ola en el Ecuador, la importancia de la ciudad en la vida republicana, el valor como testimonio monumental de la arquitectura con singular valor art\u00edstico, el entorno paisaj\u00edstico y la conservaci\u00f3n de su coherencia hist\u00f3rico-art\u00edstica en la ciudad.<\/p>\n<p dir=\"ltr\">Patrimonio Cultural y Natural: Loja dispone de su \u00e1rea hist\u00f3rica declarada como Bien Perteneciente al Patrimonio Cultural de la Naci\u00f3n con edificaciones de categor\u00eda monumental religiosa, civil y militar, relevante y tradicional, la presencia de 128 sitios arqueol\u00f3gicos inventariados, entre los cuales se cuenta al Qhapaq \u00d1an-Camino Principal Andino, el sitio conocido como la Ciudadela y los Cerros Bucos.<\/p>\n<p dir=\"ltr\">La identidad de los pueblos Palta y Saraguro, la riqueza en la m\u00fasica y la literatura son parte del patrimonio cultural inmaterial de Loja. El Parque Nacional Podocarpus, los valles de Catamayo, Malacatos y Vilcabamba, forman parte del patrimonio natural de Loja.<\/p>\n<p dir=\"ltr\">Loja fue la primera ciudad del Ecuador en contar con energ\u00eda el\u00e9ctrica en el a\u00f1o de 1897.<br \/>\nLoja es la cuarta mejor ciudad para vivir en el pa\u00eds, seg\u00fan un estudio realizado por la revista nacional Ekos.<\/p>\n<p dir=\"ltr\">#LDMnoticias #lodelmomentolojaLDM<\/p>\n","protected":false},"excerpt":{"rendered":"<p>\ud83c\udfb8\ud83c\udfa8\ud83d\udcd6 \u00a1La gloriosa cuna de artistas! La inmaculada concepci\u00f3n de Loja, es la cuna de&#8230;<\/p>\n","protected":false},"author":1,"featured_media":13807,"comment_status":"open","ping_status":"open","sticky":false,"template":"","format":"standard","meta":{"footnotes":""},"categories":[7,1,4,5],"tags":[],"class_list":["post-13806","post","type-post","status-publish","format-standard","has-post-thumbnail","hentry","category-ecuador","category-inicio","category-internacional","category-loja"],"_links":{"self":[{"href":"https:\/\/www.lodelmomentoloja.com\/index.php?rest_route=\/wp\/v2\/posts\/13806"}],"collection":[{"href":"https:\/\/www.lodelmomentoloja.com\/index.php?rest_route=\/wp\/v2\/posts"}],"about":[{"href":"https:\/\/www.lodelmomentoloja.com\/index.php?rest_route=\/wp\/v2\/types\/post"}],"author":[{"embeddable":true,"href":"https:\/\/www.lodelmomentoloja.com\/index.php?rest_route=\/wp\/v2\/users\/1"}],"replies":[{"embeddable":true,"href":"https:\/\/www.lodelmomentoloja.com\/index.php?rest_route=%2Fwp%2Fv2%2Fcomments&post=13806"}],"version-history":[{"count":1,"href":"https:\/\/www.lodelmomentoloja.com\/index.php?rest_route=\/wp\/v2\/posts\/13806\/revisions"}],"predecessor-version":[{"id":13808,"href":"https:\/\/www.lodelmomentoloja.com\/index.php?rest_route=\/wp\/v2\/posts\/13806\/revisions\/13808"}],"wp:featuredmedia":[{"embeddable":true,"href":"https:\/\/www.lodelmomentoloja.com\/index.php?rest_route=\/wp\/v2\/media\/13807"}],"wp:attachment":[{"href":"https:\/\/www.lodelmomentoloja.com\/index.php?rest_route=%2Fwp%2Fv2%2Fmedia&parent=13806"}],"wp:term":[{"taxonomy":"category","embeddable":true,"href":"https:\/\/www.lodelmomentoloja.com\/index.php?rest_route=%2Fwp%2Fv2%2Fcategories&post=13806"},{"taxonomy":"post_tag","embeddable":true,"href":"https:\/\/www.lodelmomentoloja.com\/index.php?rest_route=%2Fwp%2Fv2%2Ftags&post=13806"}],"curies":[{"name":"wp","href":"https:\/\/api.w.org\/{rel}","templated":true}]}}