{"id":13743,"date":"2023-01-24T08:30:43","date_gmt":"2023-01-24T08:30:43","guid":{"rendered":"https:\/\/www.lodelmomentoloja.com\/?p=13743"},"modified":"2023-01-24T15:02:01","modified_gmt":"2023-01-24T15:02:01","slug":"fredy-altamirano-recibe-la-mejor-puntuacion-en-cuanto-a-calidad-de-plan-de-trabajo","status":"publish","type":"post","link":"https:\/\/www.lodelmomentoloja.com\/?p=13743","title":{"rendered":"Fredy Altamirano recibe la mejor puntuaci\u00f3n en cuanto a calidad de plan de trabajo"},"content":{"rendered":"<p>Nota metodol\u00f3gica para la calificaci\u00f3n de calidad de Planes de Gobierno.<\/p>\n<p>Como requisito para la inscripci\u00f3n de candidaturas, es necesaria la presentaci\u00f3n de un plan de trabajo ante el Consejo Nacional Electoral (CNE). Este, adem\u00e1s de ser un requerimiento obligatorio para la inscripci\u00f3n, es el documento que permite al electorado conocer las propuestas de las candidaturas y sus objetivos en caso de ser electas. As\u00ed mismo, es el instrumento utilizado por las candidaturas para la rendici\u00f3n de cuentas, y es a trav\u00e9s del mismo que la ciudadan\u00eda ejerce control social sobre la administraci\u00f3n. En este sentido, la calidad de un plan de gobierno es esencial para una buena administraci\u00f3n p\u00fablica.<\/p>\n<p>Por lo tanto, FARO ha desarrollado una metodolog\u00eda para calificar los planes de gobierno de las candidaturas a las elecciones seccionales 2023 para las alcald\u00edas de 5 ciudades: Quito, Guayaquil, Loja, Portoviejo y Pastaza. Esta metodolog\u00eda desarrolla una serie de categor\u00edas de evaluaci\u00f3n con base en el documento Gu\u00eda para Elaboraci\u00f3n de Planes de Trabajo de Candidatos y Candidatas a Elecciones Seccionales 2023, elaborado por el CNE y el Instituto de la Democracia.<\/p>\n<p>Para la calificaci\u00f3n de los planes se construy\u00f3 una matriz de evaluaci\u00f3n a partir de las secciones principales que debe contener un plan. De estas, se derivaron una serie de variables, como las unidades de an\u00e1lisis sobre cada plan. Para la calificaci\u00f3n, se desarrollaron categor\u00edas de selecci\u00f3n que representan los elementos con los que cumple cada secci\u00f3n del plan. Las categor\u00edas se distinguen en dos tipos: acumulativas, que representan todos los elementos con los que cumple el plan en cada secci\u00f3n, y progresivas, que representan el estado en el que se encuentran los elementos en cada secci\u00f3n del plan.<\/p>\n<p>Para comprender c\u00f3mo se ejecuta el proceso de evaluaci\u00f3n de un plan, se describen a continuaci\u00f3n los pasos a seguir:<\/p>\n<p>A. \u00bfC\u00f3mo evaluamos la calidad de los planes de gobierno de las y los candidatos a la alcald\u00eda?<\/p>\n<ul>\n<li>1. Se toma en consideraci\u00f3n el plan de gobierno en su totalidad.<\/li>\n<li>2. El plan se eval\u00faa con base en las sugerencias y orientaci\u00f3n del Consejo Nacional Electoral para la construcci\u00f3n de planes de gobierno, a partir de las categor\u00edas de calificaci\u00f3n desarrolladas por FARO.<\/li>\n<li>3. Se identifican las secciones que componen al plan: diagn\u00f3stico, visi\u00f3n de desarrollo, actores estrat\u00e9gicos, plan plurianual, y rendici\u00f3n de cuentas.<\/li>\n<li>4. \u00bfC\u00f3mo seleccionar las categor\u00edas?<br \/>\na. Categor\u00edas acumulativas: representan los elementos con los que cumple cada secci\u00f3n en el plan de gobierno. Se seleccionan todas las categor\u00edas de calificaci\u00f3n por secci\u00f3n que correspondan.<br \/>\nb. Categor\u00edas progresivas: representan el estado en el que se encuentra la informaci\u00f3n en cada secci\u00f3n del plan. Se selecciona una sola categor\u00eda de calificaci\u00f3n que represente c\u00f3mo se encuentra en el plan dicho elemento.<\/li>\n<li>5. Consideraciones para calificar el plan de gobierno:<\/li>\n<\/ul>\n<p>&nbsp;<\/p>\n<p>&#8211; Se toma el plan de gobierno registrado en el Consejo Nacional Electoral al momento de inscribir la candidatura.<\/p>\n<p>&#8211; No se realizan interpretaciones del contenido del plan. Se eval\u00faa la informaci\u00f3n de forma directa y literal.<\/p>\n<p>-Si el plan incluye elementos adicionales que no se consideran en la estructura sugerida, estos no se toman en cuenta para la evaluaci\u00f3n.<br \/>\n-En caso de que la informaci\u00f3n se encuentre en una secci\u00f3n que no corresponde al orden o identificaci\u00f3n de los apartados, se<\/p>\n<p>seleccionar\u00e1 la categor\u00eda m\u00e1s aproximada de calificaci\u00f3n en este elemento.<br \/>\n-Si existen observaciones, se incluyen en la columna final a la derecha.<\/p>\n<p>&nbsp;<\/p>\n<p>B. \u00bfC\u00f3mo se obtiene una calificaci\u00f3n final de la calidad del plan de gobierno?<\/p>\n<ul>\n<li>1. A cada categor\u00eda de calificaci\u00f3n se le ha asignado un puntaje seg\u00fan su tipo.<br \/>\nPara las categor\u00edas acumulativas, cada casilla de selecci\u00f3n equivale a un punto. Para la categor\u00eda progresiva, la casilla m\u00e1s pr\u00f3xima a la derecha equivale a 5 puntos y la m\u00e1s pr\u00f3xima a la izquierda equivale a 1.<\/li>\n<li>2. La primera casilla de selecci\u00f3n en todas las categor\u00edas equivale a 0, siendo esta la representa que no existe o no est\u00e1 presente dicho elemento.<br \/>\n3. En cada categor\u00eda se determina un puntaje m\u00e1ximo posible a partir del puntaje correspondiente de cada casilla.<br \/>\n4. Tras realizar la selecci\u00f3n de las casillas correspondientes durante la evaluaci\u00f3n, se realiza una suma final que determina el puntaje de la categor\u00eda.<br \/>\n5. Al final, se efect\u00faa la sumatoria de los puntos obtenidos en cada categor\u00eda.<br \/>\n6. La evaluaci\u00f3n se compone de 43 puntos m\u00e1s 4 puntos de bonificaci\u00f3n,<br \/>\ndistribuidos entre las diferentes categor\u00edas seg\u00fan el n\u00famero de casillas.<br \/>\n7. Para estandarizar los puntajes, se realiz\u00f3 un equivalente de calificaci\u00f3n sobre<br \/>\n100.<\/li>\n<\/ul>\n<h3>\u00bfCu\u00e1l fue el an\u00e1lisis completo de la calificaci\u00f3n a la calidad de su plan de trabajo?<\/h3>\n<p><a href=\"https:\/\/ecuador-decide.org\/wp-content\/uploads\/2023\/01\/Calidad-FredyAltamirano.pdf\">https:\/\/ecuador-decide.org\/wp-content\/uploads\/2023\/01\/Calidad-FredyAltamirano.pdf<\/a><\/p>\n<p>&nbsp;<\/p>\n<p><em>S\u00edguenos #LDMnoticias \u00f3 #lodelmomentolojaLDM<\/em><\/p>\n","protected":false},"excerpt":{"rendered":"<p>Nota metodol\u00f3gica para la calificaci\u00f3n de calidad de Planes de Gobierno. Como requisito para la&#8230;<\/p>\n","protected":false},"author":1,"featured_media":13744,"comment_status":"open","ping_status":"open","sticky":false,"template":"","format":"standard","meta":{"footnotes":""},"categories":[1,5],"tags":[],"class_list":["post-13743","post","type-post","status-publish","format-standard","has-post-thumbnail","hentry","category-inicio","category-loja"],"_links":{"self":[{"href":"https:\/\/www.lodelmomentoloja.com\/index.php?rest_route=\/wp\/v2\/posts\/13743"}],"collection":[{"href":"https:\/\/www.lodelmomentoloja.com\/index.php?rest_route=\/wp\/v2\/posts"}],"about":[{"href":"https:\/\/www.lodelmomentoloja.com\/index.php?rest_route=\/wp\/v2\/types\/post"}],"author":[{"embeddable":true,"href":"https:\/\/www.lodelmomentoloja.com\/index.php?rest_route=\/wp\/v2\/users\/1"}],"replies":[{"embeddable":true,"href":"https:\/\/www.lodelmomentoloja.com\/index.php?rest_route=%2Fwp%2Fv2%2Fcomments&post=13743"}],"version-history":[{"count":2,"href":"https:\/\/www.lodelmomentoloja.com\/index.php?rest_route=\/wp\/v2\/posts\/13743\/revisions"}],"predecessor-version":[{"id":13746,"href":"https:\/\/www.lodelmomentoloja.com\/index.php?rest_route=\/wp\/v2\/posts\/13743\/revisions\/13746"}],"wp:featuredmedia":[{"embeddable":true,"href":"https:\/\/www.lodelmomentoloja.com\/index.php?rest_route=\/wp\/v2\/media\/13744"}],"wp:attachment":[{"href":"https:\/\/www.lodelmomentoloja.com\/index.php?rest_route=%2Fwp%2Fv2%2Fmedia&parent=13743"}],"wp:term":[{"taxonomy":"category","embeddable":true,"href":"https:\/\/www.lodelmomentoloja.com\/index.php?rest_route=%2Fwp%2Fv2%2Fcategories&post=13743"},{"taxonomy":"post_tag","embeddable":true,"href":"https:\/\/www.lodelmomentoloja.com\/index.php?rest_route=%2Fwp%2Fv2%2Ftags&post=13743"}],"curies":[{"name":"wp","href":"https:\/\/api.w.org\/{rel}","templated":true}]}}