{"id":13737,"date":"2023-01-24T08:18:24","date_gmt":"2023-01-24T08:18:24","guid":{"rendered":"https:\/\/www.lodelmomentoloja.com\/?p=13737"},"modified":"2023-01-24T13:20:03","modified_gmt":"2023-01-24T13:20:03","slug":"corte-constitucional-destituyo-a-vocales-del-cpccs","status":"publish","type":"post","link":"https:\/\/www.lodelmomentoloja.com\/?p=13737","title":{"rendered":"Corte Constitucional destituy\u00f3 a vocales del CPCCS"},"content":{"rendered":"<p>La Corte Constitucional resolvi\u00f3, la noche del 23 de enero de 2023, destituir a los siete vocales del Consejo de Participaci\u00f3n Ciudadana (CPCCS), tras declarar el incumplimiento de una sentencia emitida en septiembre de 2022.<\/p>\n<p>La sentencia dispon\u00eda que el CPCCS deb\u00eda escoger a un nuevo presidente del Consejo de la Judicatura, de una terna enviada por la Corte Nacional de Justicia. El fallo se dio por una acci\u00f3n de protecci\u00f3n interpuesta por el vocal suplente \u00c1lvaro Rom\u00e1n.<\/p>\n<p>Sin embargo, esto no se hab\u00eda cumplido. En cuatro ocasiones, el CPCCS devolvi\u00f3 las ternas de la Corte Nacional, con distintos argumentos.<\/p>\n<p>Por ello, la Corte Constitucional revis\u00f3 un incumplimiento de su sentencia. Y en un nuevo auto emitido esta noche, resolvi\u00f3 que el CPCCS s\u00ed incumpli\u00f3 lo que la Corte determin\u00f3 en el fallo de septiembre pasado.<\/p>\n<p>Por ello, destituy\u00f3 a los siete vocales del CPCCS: Hern\u00e1n Ulloa, Mar\u00eda Fernanda Rivadeneira, Sof\u00eda Almeida, Francisco Bravo, Juan Javier D\u00e1valos, Ibeth Estupi\u00f1\u00e1n y David Rosero. Seg\u00fan la sentencia, la destituci\u00f3n opera con efecto inmediato.<\/p>\n<p>Adem\u00e1s, dispuso que hasta que el CPCCS nombre a uno de los candidatos de la cuarta terna para que presida el Consejo de la Judicatura, \u00c1lvaro Rom\u00e1n asumir\u00e1 la presidencia temporal de la Judicatura, en su calidad de suplente.<\/p>\n<p>Fuente: Primicias Ec.<\/p>\n<p>#LDMnoticias #lodelmomentolojaLDM<\/p>\n","protected":false},"excerpt":{"rendered":"<p>La Corte Constitucional resolvi\u00f3, la noche del 23 de enero de 2023, destituir a los&#8230;<\/p>\n","protected":false},"author":1,"featured_media":13738,"comment_status":"open","ping_status":"open","sticky":false,"template":"","format":"standard","meta":{"footnotes":""},"categories":[7,1],"tags":[],"class_list":["post-13737","post","type-post","status-publish","format-standard","has-post-thumbnail","hentry","category-ecuador","category-inicio"],"_links":{"self":[{"href":"https:\/\/www.lodelmomentoloja.com\/index.php?rest_route=\/wp\/v2\/posts\/13737"}],"collection":[{"href":"https:\/\/www.lodelmomentoloja.com\/index.php?rest_route=\/wp\/v2\/posts"}],"about":[{"href":"https:\/\/www.lodelmomentoloja.com\/index.php?rest_route=\/wp\/v2\/types\/post"}],"author":[{"embeddable":true,"href":"https:\/\/www.lodelmomentoloja.com\/index.php?rest_route=\/wp\/v2\/users\/1"}],"replies":[{"embeddable":true,"href":"https:\/\/www.lodelmomentoloja.com\/index.php?rest_route=%2Fwp%2Fv2%2Fcomments&post=13737"}],"version-history":[{"count":1,"href":"https:\/\/www.lodelmomentoloja.com\/index.php?rest_route=\/wp\/v2\/posts\/13737\/revisions"}],"predecessor-version":[{"id":13739,"href":"https:\/\/www.lodelmomentoloja.com\/index.php?rest_route=\/wp\/v2\/posts\/13737\/revisions\/13739"}],"wp:featuredmedia":[{"embeddable":true,"href":"https:\/\/www.lodelmomentoloja.com\/index.php?rest_route=\/wp\/v2\/media\/13738"}],"wp:attachment":[{"href":"https:\/\/www.lodelmomentoloja.com\/index.php?rest_route=%2Fwp%2Fv2%2Fmedia&parent=13737"}],"wp:term":[{"taxonomy":"category","embeddable":true,"href":"https:\/\/www.lodelmomentoloja.com\/index.php?rest_route=%2Fwp%2Fv2%2Fcategories&post=13737"},{"taxonomy":"post_tag","embeddable":true,"href":"https:\/\/www.lodelmomentoloja.com\/index.php?rest_route=%2Fwp%2Fv2%2Ftags&post=13737"}],"curies":[{"name":"wp","href":"https:\/\/api.w.org\/{rel}","templated":true}]}}