{"id":13716,"date":"2023-01-23T11:09:35","date_gmt":"2023-01-23T11:09:35","guid":{"rendered":"https:\/\/www.lodelmomentoloja.com\/?p=13716"},"modified":"2023-01-23T16:11:18","modified_gmt":"2023-01-23T16:11:18","slug":"kun-aguero-no-jugara-en-la-noche-amarilla","status":"publish","type":"post","link":"https:\/\/www.lodelmomentoloja.com\/?p=13716","title":{"rendered":"Kun Ag\u00fcero no jugar\u00e1 en la noche amarilla"},"content":{"rendered":"<p dir=\"ltr\">\ud83e\udd72\u26bd\ud83c\uddea\ud83c\udde8 \u00a1Con los churros hechos&#8221; Sergio &#8216;Kun&#8217; Ag\u00fcero se lesion\u00f3 en un partido de la Kings League, y con ello descart\u00f3 ir a jugar en la Noche Amarilla.<\/p>\n<p dir=\"ltr\">Tras ser consultado, luego del partido, el futbolista argentino reconoci\u00f3: \u201cMe romp\u00ed todo el aductor&#8221;. Adem\u00e1s, dijo: &#8220;Voy a tratar de volver el mes que viene. El s\u00e1bado iba a jugar un partido en Ecuador, qu\u00e9 mala suerte que no voy a poder jugar. Pero voy a estar apoyando al equipo. Estoy viejo y con falta de f\u00fatbol&#8221;.<\/p>\n<p dir=\"ltr\">La &#8216;Noche Amarilla&#8217; est\u00e1 prevista para el 28 de enero, d\u00eda en que la directiva de Barcelona presentar\u00e1 oficialmente al plantel que encarar\u00e1 la nueva temporada de la LigaPro.<\/p>\n<p dir=\"ltr\">#LDMnoticias #lodelmomentolojaLDM<\/p>\n","protected":false},"excerpt":{"rendered":"<p>\ud83e\udd72\u26bd\ud83c\uddea\ud83c\udde8 \u00a1Con los churros hechos&#8221; Sergio &#8216;Kun&#8217; Ag\u00fcero se lesion\u00f3 en un partido de la&#8230;<\/p>\n","protected":false},"author":1,"featured_media":13717,"comment_status":"open","ping_status":"open","sticky":false,"template":"","format":"standard","meta":{"footnotes":""},"categories":[7,1,4],"tags":[],"class_list":["post-13716","post","type-post","status-publish","format-standard","has-post-thumbnail","hentry","category-ecuador","category-inicio","category-internacional"],"_links":{"self":[{"href":"https:\/\/www.lodelmomentoloja.com\/index.php?rest_route=\/wp\/v2\/posts\/13716"}],"collection":[{"href":"https:\/\/www.lodelmomentoloja.com\/index.php?rest_route=\/wp\/v2\/posts"}],"about":[{"href":"https:\/\/www.lodelmomentoloja.com\/index.php?rest_route=\/wp\/v2\/types\/post"}],"author":[{"embeddable":true,"href":"https:\/\/www.lodelmomentoloja.com\/index.php?rest_route=\/wp\/v2\/users\/1"}],"replies":[{"embeddable":true,"href":"https:\/\/www.lodelmomentoloja.com\/index.php?rest_route=%2Fwp%2Fv2%2Fcomments&post=13716"}],"version-history":[{"count":1,"href":"https:\/\/www.lodelmomentoloja.com\/index.php?rest_route=\/wp\/v2\/posts\/13716\/revisions"}],"predecessor-version":[{"id":13718,"href":"https:\/\/www.lodelmomentoloja.com\/index.php?rest_route=\/wp\/v2\/posts\/13716\/revisions\/13718"}],"wp:featuredmedia":[{"embeddable":true,"href":"https:\/\/www.lodelmomentoloja.com\/index.php?rest_route=\/wp\/v2\/media\/13717"}],"wp:attachment":[{"href":"https:\/\/www.lodelmomentoloja.com\/index.php?rest_route=%2Fwp%2Fv2%2Fmedia&parent=13716"}],"wp:term":[{"taxonomy":"category","embeddable":true,"href":"https:\/\/www.lodelmomentoloja.com\/index.php?rest_route=%2Fwp%2Fv2%2Fcategories&post=13716"},{"taxonomy":"post_tag","embeddable":true,"href":"https:\/\/www.lodelmomentoloja.com\/index.php?rest_route=%2Fwp%2Fv2%2Ftags&post=13716"}],"curies":[{"name":"wp","href":"https:\/\/api.w.org\/{rel}","templated":true}]}}