{"id":13651,"date":"2023-01-19T09:26:48","date_gmt":"2023-01-19T09:26:48","guid":{"rendered":"https:\/\/www.lodelmomentoloja.com\/?p=13651"},"modified":"2023-01-19T14:29:22","modified_gmt":"2023-01-19T14:29:22","slug":"joselyn-fue-dada-de-baja-de-la-escuela-de-policia","status":"publish","type":"post","link":"https:\/\/www.lodelmomentoloja.com\/?p=13651","title":{"rendered":"Joselyn fue dada de baja, de la escuela de Polic\u00eda"},"content":{"rendered":"<p>&#8220;La se\u00f1ora Joselyn S\u00e1nchez al momento no es aspirante directivo de la escuela superior de polic\u00eda. Ella fue notificada a trav\u00e9s de su abogado que ha sido dada de baja por el eje acad\u00e9mico seg\u00fan el informe acad\u00e9mico de la Universidad Central&#8221;, se\u00f1al\u00f3, Irany Ram\u00edrez, directora de la Escuela Superior de Polic\u00eda.<\/p>\n<p>Y es que la carrera policial que la Escuela Superior de Polic\u00eda mantiene con la Universidad Central (Quito) una carrera de orden cerrado C10 es decir, solo las personas que son parte de la escuela pueden seguir esa carrera.<\/p>\n<p>Ram\u00edrez detalla que la excadete est\u00e1 en su derecho de apelar pero esto es ante el Ministerio del Interior y la Universidad Central.<\/p>\n<p>Aunque en el proceso de revisi\u00f3n administrativa que pesa sobre a 20 integrantes de la Escuela, por su actuar en el caso de la desaparici\u00f3n y femicidio de Mar\u00eda Bel\u00e9n Bernal, la excadete sobrese\u00edda. Es decir, que su causa fue archivada. Ante esto, durante su audiencia de revisi\u00f3n de medidas, se sostuvo que ella podr\u00eda volver a la Escuela de Polic\u00eda.<\/p>\n<p>Entonces \u00bfpor qu\u00e9 fue dada de baja? Ram\u00edrez indica que Joselyn S., reprob\u00f3 el cuarto semestre de la Universidad Central.<\/p>\n<p>Seg\u00fan el reglamento de la Universidad Central \u00abcomo cualquier otro estudiante de carrera, tiene tres c\u00e1usales para excusarse: maternidad, enfermedad o calamidad dom\u00e9stica\u00ab, detalla la Directora.<\/p>\n<p>Ella no dio sus ex\u00e1menes y reprob\u00f3 siete materias con la universidad.<\/p>\n<p>Los ex\u00e1menes deb\u00eda rendirlos a mediados de octubre de 2022, tiempo en el que la joven estaba en prisi\u00f3n preventiva.<\/p>\n<p>Este 18 de enero de 2023 se realiz\u00f3 la audiencia de revisi\u00f3n de medidas donde recuper\u00f3 su libertad.<\/p>\n<p>V\u00eda: Radio Din\u00e1mica<\/p>\n<p>#LDMnoticias #lodelmomentolojaLDM<\/p>\n","protected":false},"excerpt":{"rendered":"<p>&#8220;La se\u00f1ora Joselyn S\u00e1nchez al momento no es aspirante directivo de la escuela superior de&#8230;<\/p>\n","protected":false},"author":1,"featured_media":13652,"comment_status":"open","ping_status":"open","sticky":false,"template":"","format":"standard","meta":{"footnotes":""},"categories":[7,1],"tags":[],"class_list":["post-13651","post","type-post","status-publish","format-standard","has-post-thumbnail","hentry","category-ecuador","category-inicio"],"_links":{"self":[{"href":"https:\/\/www.lodelmomentoloja.com\/index.php?rest_route=\/wp\/v2\/posts\/13651"}],"collection":[{"href":"https:\/\/www.lodelmomentoloja.com\/index.php?rest_route=\/wp\/v2\/posts"}],"about":[{"href":"https:\/\/www.lodelmomentoloja.com\/index.php?rest_route=\/wp\/v2\/types\/post"}],"author":[{"embeddable":true,"href":"https:\/\/www.lodelmomentoloja.com\/index.php?rest_route=\/wp\/v2\/users\/1"}],"replies":[{"embeddable":true,"href":"https:\/\/www.lodelmomentoloja.com\/index.php?rest_route=%2Fwp%2Fv2%2Fcomments&post=13651"}],"version-history":[{"count":1,"href":"https:\/\/www.lodelmomentoloja.com\/index.php?rest_route=\/wp\/v2\/posts\/13651\/revisions"}],"predecessor-version":[{"id":13653,"href":"https:\/\/www.lodelmomentoloja.com\/index.php?rest_route=\/wp\/v2\/posts\/13651\/revisions\/13653"}],"wp:featuredmedia":[{"embeddable":true,"href":"https:\/\/www.lodelmomentoloja.com\/index.php?rest_route=\/wp\/v2\/media\/13652"}],"wp:attachment":[{"href":"https:\/\/www.lodelmomentoloja.com\/index.php?rest_route=%2Fwp%2Fv2%2Fmedia&parent=13651"}],"wp:term":[{"taxonomy":"category","embeddable":true,"href":"https:\/\/www.lodelmomentoloja.com\/index.php?rest_route=%2Fwp%2Fv2%2Fcategories&post=13651"},{"taxonomy":"post_tag","embeddable":true,"href":"https:\/\/www.lodelmomentoloja.com\/index.php?rest_route=%2Fwp%2Fv2%2Ftags&post=13651"}],"curies":[{"name":"wp","href":"https:\/\/api.w.org\/{rel}","templated":true}]}}