{"id":13554,"date":"2023-01-13T16:00:13","date_gmt":"2023-01-13T16:00:13","guid":{"rendered":"https:\/\/www.lodelmomentoloja.com\/?p=13554"},"modified":"2023-01-13T21:58:06","modified_gmt":"2023-01-13T21:58:06","slug":"federacion-de-estudiantes-utpl-organiza-debate-elecciones-seccionales-loja-2023","status":"publish","type":"post","link":"https:\/\/www.lodelmomentoloja.com\/?p=13554","title":{"rendered":"Federaci\u00f3n de Estudiantes UTPL organiza Debate elecciones seccionales \u2013 Loja 2023"},"content":{"rendered":"<p><em>La actividad se cumplir\u00e1 el lunes 16 de enero con la participaci\u00f3n voluntaria de candidatos a la Alcald\u00eda, y el martes 17 con la presencia de aspirantes a la Prefectura.<\/em><\/p>\n<p>En el marco de las elecciones seccionales 2023 que se realizar\u00e1n el pr\u00f3ximo 5 de febrero, la Federaci\u00f3n de Estudiantes de la Universidad T\u00e9cnica Particular de Loja (FEUTPL), como parte de sus actividades de vinculaci\u00f3n social y comprometida con la generaci\u00f3n del pensamiento cr\u00edtico, organiza el <strong>Debate elecciones seccionales \u2013 Loja 2023<\/strong>, con el objetivo de crear espacios que permitan compartir ideas e incentivar el voto consciente en la poblaci\u00f3n lojana con miras al proceso electoral venidero, en el que se elegir\u00e1n alcaldes, prefectos y miembros del Consejo de Participaci\u00f3n Ciudadana y Control Social (Cpccs), adem\u00e1s de la consulta popular.<\/p>\n<p>Como antecedente, el <strong>art\u00edculo 202.2 de la Ley Org\u00e1nica Electoral y de Organizaciones Pol\u00edticas de la Rep\u00fablica del Ecuador, C\u00f3digo de la Democracia<\/strong>, se\u00f1ala: \u201c(\u2026) El sector privado, la academia y las organizaciones de la sociedad civil podr\u00e1n organizar debates de manera complementaria para los diferentes procesos electorales\u201d. Acogi\u00e9ndose al par\u00e1metro en menci\u00f3n, la Federaci\u00f3n llevar\u00e1 a cabo esta iniciativa el pr\u00f3ximo <strong>lunes 16 de enero con la intervenci\u00f3n de candidatos a la Alcald\u00eda de Loja, y el martes 17 con la presencia de aspirantes a la Prefectura.<\/strong> Ambos eventos fueron puestos a conocimiento del Consejo Nacional Electoral (CNE) y se desarrollar\u00e1n en el Centro de Convenciones de la UTPL, a partir de las 10:00.<\/p>\n<p>Gustavo Tapia Salcedo, presidente de FEUTPL, manifiesta que tanto estudiantes como ciudadan\u00eda lojana est\u00e1 invitada a participar de este espacio que pretende exponer las propuestas de trabajo de los candidatos, para posteriormente ejercer un voto responsable.<\/p>\n<p><img loading=\"lazy\" decoding=\"async\" class=\"alignnone wp-image-13556 \" src=\"http:\/\/www.lodelmomentoloja.com\/wp-content\/uploads\/2023\/01\/efrdsw-1024x643.jpg\" alt=\"\" width=\"543\" height=\"341\" srcset=\"https:\/\/www.lodelmomentoloja.com\/wp-content\/uploads\/2023\/01\/efrdsw-1024x643.jpg 1024w, https:\/\/www.lodelmomentoloja.com\/wp-content\/uploads\/2023\/01\/efrdsw-300x188.jpg 300w, https:\/\/www.lodelmomentoloja.com\/wp-content\/uploads\/2023\/01\/efrdsw-768x482.jpg 768w, https:\/\/www.lodelmomentoloja.com\/wp-content\/uploads\/2023\/01\/efrdsw-640x402.jpg 640w, https:\/\/www.lodelmomentoloja.com\/wp-content\/uploads\/2023\/01\/efrdsw-540x340.jpg 540w, https:\/\/www.lodelmomentoloja.com\/wp-content\/uploads\/2023\/01\/efrdsw-400x250.jpg 400w, https:\/\/www.lodelmomentoloja.com\/wp-content\/uploads\/2023\/01\/efrdsw.jpg 1148w\" sizes=\"(max-width: 543px) 100vw, 543px\" \/><\/p>\n<p>Explica que la estructura del debate se contempla en tres momentos clave. <strong>Saludo y presentaci\u00f3n de los candidatos:<\/strong> cada aspirante tendr\u00e1 1 minuto en el orden previamente establecido en sorteo para dar un mensaje introductorio o presentar su candidatura. <strong>Ronda de preguntas: <\/strong>cada uno tendr\u00e1 m\u00e1ximo 2 minutos para responder la pregunta que de manera aleatoria tome del \u00e1nfora. <strong>Mensaje final: <\/strong>los candidatos y candidatas tendr\u00e1n 1 minuto para hacer una r\u00e9plica a alg\u00fan otro candidato en caso de ser necesaria, para dar un mensaje de cierre o complementar alguna idea que haya quedado inconclusa.<\/p>\n<p>Cabe destacar que las preguntas a plantearse fueron previamente recolectadas a trav\u00e9s de las redes sociales de FEUTPL y mediante los representantes de cada una de las titulaciones de la universidad. Es as\u00ed que, tras un proceso de evaluaci\u00f3n, se logr\u00f3 clasificar las preguntas en cuatro ejes: para<strong> Alcald\u00eda <\/strong>(Ordenamiento territorial, Servicios p\u00fablicos, Preservaci\u00f3n de patrimonio, y Tr\u00e1nsito y vialidad); mientras que para <strong>Prefectura<\/strong> (Vialidad provincial, Partidas presupuestarias, Seguridad, y Plan provincial de desarrollo).<\/p>\n<p>El Debate elecciones seccionales \u2013 Loja 2023 ser\u00e1 moderado por el Mgtr. Boris Ochoa Ord\u00f3\u00f1ez, docente de la Facultad de Ciencias Jur\u00eddicas y Pol\u00edticas de la UTPL, y director de la maestr\u00eda en Ciencias Pol\u00edticas con menci\u00f3n en Pol\u00edticas P\u00fablicas.<\/p>\n<p>De esta manera, la Federaci\u00f3n de Estudiantes promueve espacios de di\u00e1logo y permite que la juventud y ciudadan\u00eda en general adquiera nociones pol\u00edticas para una participaci\u00f3n m\u00e1s eficiente, \u00edntegra y con criterio en las pr\u00f3ximas contiendas electorales.<\/p>\n<p>&nbsp;<\/p>\n<p><strong>Dato <\/strong><\/p>\n<p>El debate tambi\u00e9n ser\u00e1 transmitido por Facebook Live de @utpleventos<\/p>\n","protected":false},"excerpt":{"rendered":"<p>La actividad se cumplir\u00e1 el lunes 16 de enero con la participaci\u00f3n voluntaria de candidatos&#8230;<\/p>\n","protected":false},"author":1,"featured_media":13555,"comment_status":"open","ping_status":"open","sticky":false,"template":"","format":"standard","meta":{"footnotes":""},"categories":[1,5],"tags":[],"class_list":["post-13554","post","type-post","status-publish","format-standard","has-post-thumbnail","hentry","category-inicio","category-loja"],"_links":{"self":[{"href":"https:\/\/www.lodelmomentoloja.com\/index.php?rest_route=\/wp\/v2\/posts\/13554"}],"collection":[{"href":"https:\/\/www.lodelmomentoloja.com\/index.php?rest_route=\/wp\/v2\/posts"}],"about":[{"href":"https:\/\/www.lodelmomentoloja.com\/index.php?rest_route=\/wp\/v2\/types\/post"}],"author":[{"embeddable":true,"href":"https:\/\/www.lodelmomentoloja.com\/index.php?rest_route=\/wp\/v2\/users\/1"}],"replies":[{"embeddable":true,"href":"https:\/\/www.lodelmomentoloja.com\/index.php?rest_route=%2Fwp%2Fv2%2Fcomments&post=13554"}],"version-history":[{"count":1,"href":"https:\/\/www.lodelmomentoloja.com\/index.php?rest_route=\/wp\/v2\/posts\/13554\/revisions"}],"predecessor-version":[{"id":13557,"href":"https:\/\/www.lodelmomentoloja.com\/index.php?rest_route=\/wp\/v2\/posts\/13554\/revisions\/13557"}],"wp:featuredmedia":[{"embeddable":true,"href":"https:\/\/www.lodelmomentoloja.com\/index.php?rest_route=\/wp\/v2\/media\/13555"}],"wp:attachment":[{"href":"https:\/\/www.lodelmomentoloja.com\/index.php?rest_route=%2Fwp%2Fv2%2Fmedia&parent=13554"}],"wp:term":[{"taxonomy":"category","embeddable":true,"href":"https:\/\/www.lodelmomentoloja.com\/index.php?rest_route=%2Fwp%2Fv2%2Fcategories&post=13554"},{"taxonomy":"post_tag","embeddable":true,"href":"https:\/\/www.lodelmomentoloja.com\/index.php?rest_route=%2Fwp%2Fv2%2Ftags&post=13554"}],"curies":[{"name":"wp","href":"https:\/\/api.w.org\/{rel}","templated":true}]}}