{"id":13517,"date":"2023-01-12T15:03:21","date_gmt":"2023-01-12T15:03:21","guid":{"rendered":"https:\/\/www.lodelmomentoloja.com\/?p=13517"},"modified":"2023-01-12T20:05:39","modified_gmt":"2023-01-12T20:05:39","slug":"caceres-confeso-ser-autor-del-femicidio-de-maria-belen-bernal","status":"publish","type":"post","link":"https:\/\/www.lodelmomentoloja.com\/?p=13517","title":{"rendered":"C\u00e1ceres confes\u00f3 ser autor del femicidio de Mar\u00eda Bel\u00e9n Bernal"},"content":{"rendered":"<p id=\"x_docs-internal-guid-059e0adc-7fff-38a1-6a49-b140085cda33\">C\u00e1ceres reconoci\u00f3 ser autor del femicidio.<\/p>\n<p>La ampliaci\u00f3n de versi\u00f3n ante la Fiscal\u00eda y los abogados de las partes se extendi\u00f3 por cerca de dos horas este 12 de enero de 2022.<\/p>\n<p>El exteniente de la Polic\u00eda reconoci\u00f3 que estrangul\u00f3 a<strong>\u00a0Mar\u00eda Bel\u00e9n Bernal\u00a0<\/strong>cuando estaba ebrio, tras una \u00e1lgida discusi\u00f3n.<\/p>\n<p>El abogado de la familia de la v\u00edctima cont\u00f3 que C\u00e1ceres habr\u00eda reconocido ser autor del femicidio de su esposa. El exoficial reconoci\u00f3 que mat\u00f3, sac\u00f3 el cad\u00e1ver de la Escuela Superior de Polic\u00eda y enterr\u00f3 a su pareja por su cuenta, sin ninguna ayuda. Luego, el expolic\u00eda se acogi\u00f3 luego al silencio y no respondi\u00f3 preguntas de los abogados de las partes.<\/p>\n<p>C\u00e1ceres ampli\u00f3 su versi\u00f3n de los hechos ocurridos la madrugada del 11 de septiembre del 2022 en la Escuela Superior de Polic\u00eda en Quito. El exteniente reconoci\u00f3 el delito de femicidio en una diligencia realizada la ma\u00f1ana de este jueves en la c\u00e1rcel La Roca de Guayaquil. All\u00ed se encuentra con prisi\u00f3n preventiva desde el 3 de enero.<\/p>\n<p>Tanto la madre de la v\u00edctima, Elizabeth Otavalo, como los abogados de la familia de Bernal dijeron que tienen razones para pensar que C\u00e1ceres est\u00e1 encubriendo a c\u00f3mplices del femicidio.<\/p>\n<p>Fuente: El Comercio<\/p>\n<p>S\u00edguenos en #LDMnoticias \u00f3\u00a0 #lodelmomentolojaLDM<\/p>\n","protected":false},"excerpt":{"rendered":"<p>C\u00e1ceres reconoci\u00f3 ser autor del femicidio. La ampliaci\u00f3n de versi\u00f3n ante la Fiscal\u00eda y los&#8230;<\/p>\n","protected":false},"author":1,"featured_media":13519,"comment_status":"open","ping_status":"open","sticky":false,"template":"","format":"standard","meta":{"footnotes":""},"categories":[7,1],"tags":[],"class_list":["post-13517","post","type-post","status-publish","format-standard","has-post-thumbnail","hentry","category-ecuador","category-inicio"],"_links":{"self":[{"href":"https:\/\/www.lodelmomentoloja.com\/index.php?rest_route=\/wp\/v2\/posts\/13517"}],"collection":[{"href":"https:\/\/www.lodelmomentoloja.com\/index.php?rest_route=\/wp\/v2\/posts"}],"about":[{"href":"https:\/\/www.lodelmomentoloja.com\/index.php?rest_route=\/wp\/v2\/types\/post"}],"author":[{"embeddable":true,"href":"https:\/\/www.lodelmomentoloja.com\/index.php?rest_route=\/wp\/v2\/users\/1"}],"replies":[{"embeddable":true,"href":"https:\/\/www.lodelmomentoloja.com\/index.php?rest_route=%2Fwp%2Fv2%2Fcomments&post=13517"}],"version-history":[{"count":1,"href":"https:\/\/www.lodelmomentoloja.com\/index.php?rest_route=\/wp\/v2\/posts\/13517\/revisions"}],"predecessor-version":[{"id":13520,"href":"https:\/\/www.lodelmomentoloja.com\/index.php?rest_route=\/wp\/v2\/posts\/13517\/revisions\/13520"}],"wp:featuredmedia":[{"embeddable":true,"href":"https:\/\/www.lodelmomentoloja.com\/index.php?rest_route=\/wp\/v2\/media\/13519"}],"wp:attachment":[{"href":"https:\/\/www.lodelmomentoloja.com\/index.php?rest_route=%2Fwp%2Fv2%2Fmedia&parent=13517"}],"wp:term":[{"taxonomy":"category","embeddable":true,"href":"https:\/\/www.lodelmomentoloja.com\/index.php?rest_route=%2Fwp%2Fv2%2Fcategories&post=13517"},{"taxonomy":"post_tag","embeddable":true,"href":"https:\/\/www.lodelmomentoloja.com\/index.php?rest_route=%2Fwp%2Fv2%2Ftags&post=13517"}],"curies":[{"name":"wp","href":"https:\/\/api.w.org\/{rel}","templated":true}]}}