{"id":13514,"date":"2023-01-12T13:44:21","date_gmt":"2023-01-12T13:44:21","guid":{"rendered":"https:\/\/www.lodelmomentoloja.com\/?p=13514"},"modified":"2023-01-12T18:47:28","modified_gmt":"2023-01-12T18:47:28","slug":"gustavo-alfaro-no-seguira-mas-con-la-tri","status":"publish","type":"post","link":"https:\/\/www.lodelmomentoloja.com\/?p=13514","title":{"rendered":"Gustavo Alfaro no seguir\u00e1 m\u00e1s con La Tri"},"content":{"rendered":"<p dir=\"ltr\">\ud83d\udea8\u26bd\ud83c\uddea\ud83c\udde8 \u00a1Alfaro se despide! Si bien la FEF le hizo\u00a0 saber que quer\u00edan renovarle el contrato, Alfaro decidi\u00f3 no continuar porque no ve\u00eda que estaban dadas las condiciones para planificar a futuro si no se hab\u00edan cumplido cosas del ciclo recientemente terminado.<\/p>\n<p dir=\"ltr\">Por ahora se espera un pronunciamiento oficial por parte de la FEF o el estratega argentino, y as\u00ed poder saber el destino que tendr\u00e1 La TRI de cara a las pr\u00f3ximas eliminatorias (arrancar\u00e1n en junio de 2023) y Copa Am\u00e9rica 2024.<\/p>\n<p dir=\"ltr\">www.lodelmomentoloja.com<br \/>\n#LDMnoticias #lodelmomentolojaLDM<\/p>\n","protected":false},"excerpt":{"rendered":"<p>\ud83d\udea8\u26bd\ud83c\uddea\ud83c\udde8 \u00a1Alfaro se despide! Si bien la FEF le hizo\u00a0 saber que quer\u00edan renovarle el&#8230;<\/p>\n","protected":false},"author":1,"featured_media":13515,"comment_status":"open","ping_status":"open","sticky":false,"template":"","format":"standard","meta":{"footnotes":""},"categories":[7,1,4],"tags":[],"class_list":["post-13514","post","type-post","status-publish","format-standard","has-post-thumbnail","hentry","category-ecuador","category-inicio","category-internacional"],"_links":{"self":[{"href":"https:\/\/www.lodelmomentoloja.com\/index.php?rest_route=\/wp\/v2\/posts\/13514"}],"collection":[{"href":"https:\/\/www.lodelmomentoloja.com\/index.php?rest_route=\/wp\/v2\/posts"}],"about":[{"href":"https:\/\/www.lodelmomentoloja.com\/index.php?rest_route=\/wp\/v2\/types\/post"}],"author":[{"embeddable":true,"href":"https:\/\/www.lodelmomentoloja.com\/index.php?rest_route=\/wp\/v2\/users\/1"}],"replies":[{"embeddable":true,"href":"https:\/\/www.lodelmomentoloja.com\/index.php?rest_route=%2Fwp%2Fv2%2Fcomments&post=13514"}],"version-history":[{"count":1,"href":"https:\/\/www.lodelmomentoloja.com\/index.php?rest_route=\/wp\/v2\/posts\/13514\/revisions"}],"predecessor-version":[{"id":13516,"href":"https:\/\/www.lodelmomentoloja.com\/index.php?rest_route=\/wp\/v2\/posts\/13514\/revisions\/13516"}],"wp:featuredmedia":[{"embeddable":true,"href":"https:\/\/www.lodelmomentoloja.com\/index.php?rest_route=\/wp\/v2\/media\/13515"}],"wp:attachment":[{"href":"https:\/\/www.lodelmomentoloja.com\/index.php?rest_route=%2Fwp%2Fv2%2Fmedia&parent=13514"}],"wp:term":[{"taxonomy":"category","embeddable":true,"href":"https:\/\/www.lodelmomentoloja.com\/index.php?rest_route=%2Fwp%2Fv2%2Fcategories&post=13514"},{"taxonomy":"post_tag","embeddable":true,"href":"https:\/\/www.lodelmomentoloja.com\/index.php?rest_route=%2Fwp%2Fv2%2Ftags&post=13514"}],"curies":[{"name":"wp","href":"https:\/\/api.w.org\/{rel}","templated":true}]}}