{"id":13471,"date":"2023-01-11T08:40:47","date_gmt":"2023-01-11T08:40:47","guid":{"rendered":"https:\/\/www.lodelmomentoloja.com\/?p=13471"},"modified":"2023-01-11T13:42:04","modified_gmt":"2023-01-11T13:42:04","slug":"lasso-reduce-impuestos-a-rubros","status":"publish","type":"post","link":"https:\/\/www.lodelmomentoloja.com\/?p=13471","title":{"rendered":"Lasso reduce impuestos a rubros"},"content":{"rendered":"<p>A trav\u00e9s de una cadena nacional, la noche del martes el presidente Guillermo Lasso anunci\u00f3 la decisi\u00f3n del Gobierno de reducir las tarifas de varios impuestos, con el prop\u00f3sito de dinamizar la econom\u00eda del pa\u00eds.<\/p>\n<p>El impuesto a la salida de divisas (ISD) bajar\u00e1 del 4 % al 2 % en el transcurso de este a\u00f1o. Con esta medida no solo se abaratar\u00e1n las importaciones de maquinaria y diversos productos de consumo de los hogares sino que tambi\u00e9n servir\u00e1 para atraer nuevas inversiones, explic\u00f3 el presidente.<\/p>\n<p>Por otro lado, se\u00f1al\u00f3 que con el objetivo de impulsar el turismo, el impuesto al valor agregado (IVA) disminuir\u00e1 del 12 % al 8 % durante los feriados de Carnaval, Semana Santa, D\u00eda de los Difuntos e Independencia de Cuenca.<\/p>\n<p>Tambi\u00e9n se reducir\u00e1 la tarifa del impuesto a los consumos especiales (ICE) en productos de consumo masivo, a bebidas no alcoh\u00f3licas y gaseosas, a la cerveza industrial y artesanal, a las fundas pl\u00e1sticas y al alcohol puro.<\/p>\n<p>Por \u00faltimo, se cortar\u00e1 el ICE de armas y municiones del 300 % al 30 %, se\u00f1al\u00f3 el mandatario e indic\u00f3 que esto tiene la intenci\u00f3n de apoyar a los servicios de seguridad p\u00fablicos y privados.<\/p>\n<p>Con la reducci\u00f3n de las tarifas el fisco dejar\u00e1 de percibir alrededor de $ 140 millones. El presidente dijo que el Estado est\u00e1 poniendo este dinero en los bolsillos de los ciudadanos.<\/p>\n<p>V\u00eda: El Universo<\/p>\n<p>S\u00edguenos en #LDMnoticias o\u00a0 #lodelmomentolojaLDM<\/p>\n","protected":false},"excerpt":{"rendered":"<p>A trav\u00e9s de una cadena nacional, la noche del martes el presidente Guillermo Lasso anunci\u00f3&#8230;<\/p>\n","protected":false},"author":1,"featured_media":13472,"comment_status":"open","ping_status":"open","sticky":false,"template":"","format":"standard","meta":{"footnotes":""},"categories":[7,1],"tags":[],"class_list":["post-13471","post","type-post","status-publish","format-standard","has-post-thumbnail","hentry","category-ecuador","category-inicio"],"_links":{"self":[{"href":"https:\/\/www.lodelmomentoloja.com\/index.php?rest_route=\/wp\/v2\/posts\/13471"}],"collection":[{"href":"https:\/\/www.lodelmomentoloja.com\/index.php?rest_route=\/wp\/v2\/posts"}],"about":[{"href":"https:\/\/www.lodelmomentoloja.com\/index.php?rest_route=\/wp\/v2\/types\/post"}],"author":[{"embeddable":true,"href":"https:\/\/www.lodelmomentoloja.com\/index.php?rest_route=\/wp\/v2\/users\/1"}],"replies":[{"embeddable":true,"href":"https:\/\/www.lodelmomentoloja.com\/index.php?rest_route=%2Fwp%2Fv2%2Fcomments&post=13471"}],"version-history":[{"count":1,"href":"https:\/\/www.lodelmomentoloja.com\/index.php?rest_route=\/wp\/v2\/posts\/13471\/revisions"}],"predecessor-version":[{"id":13473,"href":"https:\/\/www.lodelmomentoloja.com\/index.php?rest_route=\/wp\/v2\/posts\/13471\/revisions\/13473"}],"wp:featuredmedia":[{"embeddable":true,"href":"https:\/\/www.lodelmomentoloja.com\/index.php?rest_route=\/wp\/v2\/media\/13472"}],"wp:attachment":[{"href":"https:\/\/www.lodelmomentoloja.com\/index.php?rest_route=%2Fwp%2Fv2%2Fmedia&parent=13471"}],"wp:term":[{"taxonomy":"category","embeddable":true,"href":"https:\/\/www.lodelmomentoloja.com\/index.php?rest_route=%2Fwp%2Fv2%2Fcategories&post=13471"},{"taxonomy":"post_tag","embeddable":true,"href":"https:\/\/www.lodelmomentoloja.com\/index.php?rest_route=%2Fwp%2Fv2%2Ftags&post=13471"}],"curies":[{"name":"wp","href":"https:\/\/api.w.org\/{rel}","templated":true}]}}