{"id":13458,"date":"2023-01-10T09:00:32","date_gmt":"2023-01-10T09:00:32","guid":{"rendered":"https:\/\/www.lodelmomentoloja.com\/?p=13458"},"modified":"2023-01-10T14:58:42","modified_gmt":"2023-01-10T14:58:42","slug":"lanzamiento-de-la-alcaldia-de-manuel-orbe-por-pachakutik-en-celica","status":"publish","type":"post","link":"https:\/\/www.lodelmomentoloja.com\/?p=13458","title":{"rendered":"Lanzamiento de la Alcald\u00eda de Manuel Orbe por Pachakutik en Celica."},"content":{"rendered":"<p>En el cant\u00f3n Celica de la provincia de Loja, Manuel Orbe, candidato a la Alcald\u00eda realiz\u00f3 el lanzamiento oficial de su campa\u00f1a como representante del Movimiento Pachakutik y Unidad Popular, adem\u00e1s, cont\u00f3 con la presencia de sus principales candidatos provinciales, como lo es Jorge Guevara a la Prefectura y Lourdes Jap\u00f3n a la Viceprefectura, adicionalmente, Manuel Medina Asamble\u00edsta de Loja, respaldaron esta concentraci\u00f3n realizada en la parroquia de P\u00f3zul del cant\u00f3n, con la presencia de una gran cantidad de ciudadanos del cant\u00f3n y militantes.<\/p>\n<p>El mitin, que se realiz\u00f3 el pasado 6 de enero del 2023, se realiz\u00f3 en la plaza Central de P\u00f3zul-Celica, esto acompa\u00f1ado de la presentaci\u00f3n art\u00edstica Amores del ritmo.<\/p>\n<p>&nbsp;<\/p>\n<p><a href=\"https:\/\/www.facebook.com\/manuel.orbe2021\/videos\/6014960851896025\">https:\/\/www.facebook.com\/manuel.orbe2021\/videos\/6014960851896025<\/a><\/p>\n<p><em>S\u00edguenos #LDMnoticias \u00f3 #lodelmomentolojaLDM<\/em><\/p>\n","protected":false},"excerpt":{"rendered":"<p>En el cant\u00f3n Celica de la provincia de Loja, Manuel Orbe, candidato a la Alcald\u00eda&#8230;<\/p>\n","protected":false},"author":1,"featured_media":13459,"comment_status":"open","ping_status":"open","sticky":false,"template":"","format":"standard","meta":{"footnotes":""},"categories":[1,5],"tags":[],"class_list":["post-13458","post","type-post","status-publish","format-standard","has-post-thumbnail","hentry","category-inicio","category-loja"],"_links":{"self":[{"href":"https:\/\/www.lodelmomentoloja.com\/index.php?rest_route=\/wp\/v2\/posts\/13458"}],"collection":[{"href":"https:\/\/www.lodelmomentoloja.com\/index.php?rest_route=\/wp\/v2\/posts"}],"about":[{"href":"https:\/\/www.lodelmomentoloja.com\/index.php?rest_route=\/wp\/v2\/types\/post"}],"author":[{"embeddable":true,"href":"https:\/\/www.lodelmomentoloja.com\/index.php?rest_route=\/wp\/v2\/users\/1"}],"replies":[{"embeddable":true,"href":"https:\/\/www.lodelmomentoloja.com\/index.php?rest_route=%2Fwp%2Fv2%2Fcomments&post=13458"}],"version-history":[{"count":1,"href":"https:\/\/www.lodelmomentoloja.com\/index.php?rest_route=\/wp\/v2\/posts\/13458\/revisions"}],"predecessor-version":[{"id":13460,"href":"https:\/\/www.lodelmomentoloja.com\/index.php?rest_route=\/wp\/v2\/posts\/13458\/revisions\/13460"}],"wp:featuredmedia":[{"embeddable":true,"href":"https:\/\/www.lodelmomentoloja.com\/index.php?rest_route=\/wp\/v2\/media\/13459"}],"wp:attachment":[{"href":"https:\/\/www.lodelmomentoloja.com\/index.php?rest_route=%2Fwp%2Fv2%2Fmedia&parent=13458"}],"wp:term":[{"taxonomy":"category","embeddable":true,"href":"https:\/\/www.lodelmomentoloja.com\/index.php?rest_route=%2Fwp%2Fv2%2Fcategories&post=13458"},{"taxonomy":"post_tag","embeddable":true,"href":"https:\/\/www.lodelmomentoloja.com\/index.php?rest_route=%2Fwp%2Fv2%2Ftags&post=13458"}],"curies":[{"name":"wp","href":"https:\/\/api.w.org\/{rel}","templated":true}]}}