{"id":13442,"date":"2023-01-09T22:00:55","date_gmt":"2023-01-09T22:00:55","guid":{"rendered":"https:\/\/www.lodelmomentoloja.com\/?p=13442"},"modified":"2023-01-10T03:09:03","modified_gmt":"2023-01-10T03:09:03","slug":"colectivos-que-apoyan-a-lasso-daran-respaldo-a-patricio-valdivieso","status":"publish","type":"post","link":"https:\/\/www.lodelmomentoloja.com\/?p=13442","title":{"rendered":"Colectivos que apoyan a Lasso dar\u00e1n respaldo a Patricio Valdivieso"},"content":{"rendered":"<p>Este lunes 9 de enero del 2023, en un acto realizado en el sal\u00f3n de la Democracia del Consejo Electoral, la <strong>Uni\u00f3n Provincial de Colectivos por la Democracia Guillermo Lasso, oficializ\u00f3 la decisi\u00f3n de respaldar la candidatura del Dr. Patricio Valdivieso<\/strong> a la alcald\u00eda de Loja.<\/p>\n<p>El Dr. Vicente Flores, en representaci\u00f3n de la Uni\u00f3n de Colectivos que apoyaran incondicionalmente al Presidente Guillermo Lasso, informo que este gremio invit\u00f3 a varios candidatos, tanto a la Alcald\u00eda como la Prefectura de Loja, para escuchar sus propuestas y que, luego an\u00e1lisis de los planes de acci\u00f3n presentados y en forma democr\u00e1tica, se lleg\u00f3 a la decisi\u00f3n de recomendar a sus bases votar por el Dr. Patricio Valdivieso candidato a Alcalde del cant\u00f3n Loja.<\/p>\n<p>El Dr. Flores dijo que conocen la trayectoria profesional y pol\u00edtica del Dr. Valdivieso y consideran que es el candidato que Loja se merece como Alcalde.<strong> Se\u00f1al\u00f3 adem\u00e1s que respaldan las candidaturas a concejales urbanos y rurales de las listas 111.<\/strong><\/p>\n<p>Patricio Valdivieso, agradeci\u00f3 a la Uni\u00f3n Provincial de Colectivos por la Democracia Guillermo Lasso, por la confianza que depositan en su futura acci\u00f3n como Alcalde de Loja. En su intervenci\u00f3n pas\u00f3 revista a su plan de acci\u00f3n el que est\u00e1 integrado por 12 ejes, en el que constan, servicios b\u00e1sicos, educaci\u00f3n tecnol\u00f3gica e innovadora, modernizaci\u00f3n del Municipio, desarrollo econ\u00f3mico del cant\u00f3n, rescate de r\u00edos y quebradas, convivencia arm\u00f3nica entre ciudadanos, asesor\u00eda para la legalizaci\u00f3n de tierras, planes de vivienda digna, entre otros. <strong>Valdivieso, se comprometi\u00f3 ante los colectivos que respaldan su candidatura a no defraudarlos<\/strong>, ratific\u00f3 su intenci\u00f3n de escribir en Loja una nueva historia.<\/p>\n<p>&nbsp;<\/p>\n<p><em>S\u00edguenos #LDMnoticias \u00f3 #lodelmomentolojaLDM<\/em><\/p>\n","protected":false},"excerpt":{"rendered":"<p>Este lunes 9 de enero del 2023, en un acto realizado en el sal\u00f3n de&#8230;<\/p>\n","protected":false},"author":1,"featured_media":13443,"comment_status":"open","ping_status":"open","sticky":false,"template":"","format":"standard","meta":{"footnotes":""},"categories":[1,5],"tags":[],"class_list":["post-13442","post","type-post","status-publish","format-standard","has-post-thumbnail","hentry","category-inicio","category-loja"],"_links":{"self":[{"href":"https:\/\/www.lodelmomentoloja.com\/index.php?rest_route=\/wp\/v2\/posts\/13442"}],"collection":[{"href":"https:\/\/www.lodelmomentoloja.com\/index.php?rest_route=\/wp\/v2\/posts"}],"about":[{"href":"https:\/\/www.lodelmomentoloja.com\/index.php?rest_route=\/wp\/v2\/types\/post"}],"author":[{"embeddable":true,"href":"https:\/\/www.lodelmomentoloja.com\/index.php?rest_route=\/wp\/v2\/users\/1"}],"replies":[{"embeddable":true,"href":"https:\/\/www.lodelmomentoloja.com\/index.php?rest_route=%2Fwp%2Fv2%2Fcomments&post=13442"}],"version-history":[{"count":1,"href":"https:\/\/www.lodelmomentoloja.com\/index.php?rest_route=\/wp\/v2\/posts\/13442\/revisions"}],"predecessor-version":[{"id":13444,"href":"https:\/\/www.lodelmomentoloja.com\/index.php?rest_route=\/wp\/v2\/posts\/13442\/revisions\/13444"}],"wp:featuredmedia":[{"embeddable":true,"href":"https:\/\/www.lodelmomentoloja.com\/index.php?rest_route=\/wp\/v2\/media\/13443"}],"wp:attachment":[{"href":"https:\/\/www.lodelmomentoloja.com\/index.php?rest_route=%2Fwp%2Fv2%2Fmedia&parent=13442"}],"wp:term":[{"taxonomy":"category","embeddable":true,"href":"https:\/\/www.lodelmomentoloja.com\/index.php?rest_route=%2Fwp%2Fv2%2Fcategories&post=13442"},{"taxonomy":"post_tag","embeddable":true,"href":"https:\/\/www.lodelmomentoloja.com\/index.php?rest_route=%2Fwp%2Fv2%2Ftags&post=13442"}],"curies":[{"name":"wp","href":"https:\/\/api.w.org\/{rel}","templated":true}]}}