{"id":13426,"date":"2023-01-09T14:15:40","date_gmt":"2023-01-09T14:15:40","guid":{"rendered":"https:\/\/www.lodelmomentoloja.com\/?p=13426"},"modified":"2023-01-09T19:20:03","modified_gmt":"2023-01-09T19:20:03","slug":"diocesis-de-loja-celebra-160-al-servicio-de-dios","status":"publish","type":"post","link":"https:\/\/www.lodelmomentoloja.com\/?p=13426","title":{"rendered":"Di\u00f3cesis de Loja celebra 160 al servicio de Dios"},"content":{"rendered":"<p dir=\"ltr\">\ud83d\ude4f\ud83c\udffb\ud83e\udd73\ud83d\udd4d \u00a1Di\u00f3cesis de fiesta! Di\u00f3cesis de Loja, celebr\u00f3 con Eucarist\u00eda presidida por el Obispo, Monse\u00f1or Walter Heras, la apertura del A\u00f1o Jubilar celebrada con motivo de los 160 a\u00f1os de Erecci\u00f3n Can\u00f3nica de la Di\u00f3cesis de la Inmaculada Concepci\u00f3n de Loja.<\/p>\n<p dir=\"ltr\"><img loading=\"lazy\" decoding=\"async\" class=\"alignnone size-medium wp-image-13428\" src=\"http:\/\/www.lodelmomentoloja.com\/wp-content\/uploads\/2023\/01\/FB_IMG_1673291184464-300x200.jpg\" alt=\"\" width=\"300\" height=\"200\" srcset=\"https:\/\/www.lodelmomentoloja.com\/wp-content\/uploads\/2023\/01\/FB_IMG_1673291184464-300x200.jpg 300w, https:\/\/www.lodelmomentoloja.com\/wp-content\/uploads\/2023\/01\/FB_IMG_1673291184464-1024x683.jpg 1024w, https:\/\/www.lodelmomentoloja.com\/wp-content\/uploads\/2023\/01\/FB_IMG_1673291184464-768x512.jpg 768w, https:\/\/www.lodelmomentoloja.com\/wp-content\/uploads\/2023\/01\/FB_IMG_1673291184464-640x427.jpg 640w, https:\/\/www.lodelmomentoloja.com\/wp-content\/uploads\/2023\/01\/FB_IMG_1673291184464.jpg 1080w\" sizes=\"(max-width: 300px) 100vw, 300px\" \/><\/p>\n<p>Un centenar de sacerdotes, invitados especiales y fieles en general, se unieron al evento memorable que tuvo lugar en la Catedral a partir de las 10h00.<\/p>\n<p dir=\"ltr\"><img loading=\"lazy\" decoding=\"async\" class=\"alignnone size-medium wp-image-13431\" src=\"http:\/\/www.lodelmomentoloja.com\/wp-content\/uploads\/2023\/01\/FB_IMG_1673291204414-300x199.jpg\" alt=\"\" width=\"300\" height=\"199\" srcset=\"https:\/\/www.lodelmomentoloja.com\/wp-content\/uploads\/2023\/01\/FB_IMG_1673291204414-300x199.jpg 300w, https:\/\/www.lodelmomentoloja.com\/wp-content\/uploads\/2023\/01\/FB_IMG_1673291204414-1024x681.jpg 1024w, https:\/\/www.lodelmomentoloja.com\/wp-content\/uploads\/2023\/01\/FB_IMG_1673291204414-768x511.jpg 768w, https:\/\/www.lodelmomentoloja.com\/wp-content\/uploads\/2023\/01\/FB_IMG_1673291204414-640x425.jpg 640w, https:\/\/www.lodelmomentoloja.com\/wp-content\/uploads\/2023\/01\/FB_IMG_1673291204414.jpg 1080w\" sizes=\"(max-width: 300px) 100vw, 300px\" \/><\/p>\n<p>El acto inici\u00f3 con la lectura del decreto de la apertura del A\u00f1o Jubilar Diocesano. El texto, en s\u00edntesis, menciona \u201cun tiempo fuerte de predicaci\u00f3n de la palabra de Dios y la exaltaci\u00f3n de la devoci\u00f3n a la Inmaculada Concepci\u00f3n de la Virgen Mar\u00eda, buscando siempre el bien espiritual y pastoral del Pueblo de Dios\u201d.<br \/>\n<img loading=\"lazy\" decoding=\"async\" class=\"alignnone size-medium wp-image-13429\" src=\"http:\/\/www.lodelmomentoloja.com\/wp-content\/uploads\/2023\/01\/FB_IMG_1673291199031-300x200.jpg\" alt=\"\" width=\"300\" height=\"200\" srcset=\"https:\/\/www.lodelmomentoloja.com\/wp-content\/uploads\/2023\/01\/FB_IMG_1673291199031-300x200.jpg 300w, https:\/\/www.lodelmomentoloja.com\/wp-content\/uploads\/2023\/01\/FB_IMG_1673291199031-1024x683.jpg 1024w, https:\/\/www.lodelmomentoloja.com\/wp-content\/uploads\/2023\/01\/FB_IMG_1673291199031-768x512.jpg 768w, https:\/\/www.lodelmomentoloja.com\/wp-content\/uploads\/2023\/01\/FB_IMG_1673291199031-640x427.jpg 640w, https:\/\/www.lodelmomentoloja.com\/wp-content\/uploads\/2023\/01\/FB_IMG_1673291199031.jpg 1079w\" sizes=\"(max-width: 300px) 100vw, 300px\" \/><br \/>\nInmediatamente, se dio paso a la procesi\u00f3n de los tres signos de esta conmemoraci\u00f3n: \u201cel cirio encendido ser\u00e1 la luz que iluminar\u00e1 todo este A\u00f1o jubilar; las Sagradas Escrituras, ser\u00e1n la br\u00fajula y el tim\u00f3n que nos ense\u00f1en los caminos del Se\u00f1or; Imagen de la Virgen de la Inmaculada ser\u00e1 la que continuamente nos ayude a seguir y mantenernos unidos como hermanos\u201d.<\/p>\n<p dir=\"ltr\"><img loading=\"lazy\" decoding=\"async\" class=\"alignnone size-medium wp-image-13431\" src=\"http:\/\/www.lodelmomentoloja.com\/wp-content\/uploads\/2023\/01\/FB_IMG_1673291204414-300x199.jpg\" alt=\"\" width=\"300\" height=\"199\" srcset=\"https:\/\/www.lodelmomentoloja.com\/wp-content\/uploads\/2023\/01\/FB_IMG_1673291204414-300x199.jpg 300w, https:\/\/www.lodelmomentoloja.com\/wp-content\/uploads\/2023\/01\/FB_IMG_1673291204414-1024x681.jpg 1024w, https:\/\/www.lodelmomentoloja.com\/wp-content\/uploads\/2023\/01\/FB_IMG_1673291204414-768x511.jpg 768w, https:\/\/www.lodelmomentoloja.com\/wp-content\/uploads\/2023\/01\/FB_IMG_1673291204414-640x425.jpg 640w, https:\/\/www.lodelmomentoloja.com\/wp-content\/uploads\/2023\/01\/FB_IMG_1673291204414.jpg 1080w\" sizes=\"(max-width: 300px) 100vw, 300px\" \/><\/p>\n<p dir=\"ltr\">Luego, se ofici\u00f3 la Eucarist\u00eda en una iglesia que luci\u00f3 repleta y de la que participaron autoridades civiles y militares, congregaciones religiosas, instituciones educativas y laicos en general.<\/p>\n<p dir=\"ltr\">S\u00edguenos en #LDMnoticias o #lodelmomentolojaLDM<\/p>\n","protected":false},"excerpt":{"rendered":"<p>\ud83d\ude4f\ud83c\udffb\ud83e\udd73\ud83d\udd4d \u00a1Di\u00f3cesis de fiesta! Di\u00f3cesis de Loja, celebr\u00f3 con Eucarist\u00eda presidida por el Obispo, Monse\u00f1or&#8230;<\/p>\n","protected":false},"author":1,"featured_media":13427,"comment_status":"open","ping_status":"open","sticky":false,"template":"","format":"standard","meta":{"footnotes":""},"categories":[1,5],"tags":[],"class_list":["post-13426","post","type-post","status-publish","format-standard","has-post-thumbnail","hentry","category-inicio","category-loja"],"_links":{"self":[{"href":"https:\/\/www.lodelmomentoloja.com\/index.php?rest_route=\/wp\/v2\/posts\/13426"}],"collection":[{"href":"https:\/\/www.lodelmomentoloja.com\/index.php?rest_route=\/wp\/v2\/posts"}],"about":[{"href":"https:\/\/www.lodelmomentoloja.com\/index.php?rest_route=\/wp\/v2\/types\/post"}],"author":[{"embeddable":true,"href":"https:\/\/www.lodelmomentoloja.com\/index.php?rest_route=\/wp\/v2\/users\/1"}],"replies":[{"embeddable":true,"href":"https:\/\/www.lodelmomentoloja.com\/index.php?rest_route=%2Fwp%2Fv2%2Fcomments&post=13426"}],"version-history":[{"count":1,"href":"https:\/\/www.lodelmomentoloja.com\/index.php?rest_route=\/wp\/v2\/posts\/13426\/revisions"}],"predecessor-version":[{"id":13432,"href":"https:\/\/www.lodelmomentoloja.com\/index.php?rest_route=\/wp\/v2\/posts\/13426\/revisions\/13432"}],"wp:featuredmedia":[{"embeddable":true,"href":"https:\/\/www.lodelmomentoloja.com\/index.php?rest_route=\/wp\/v2\/media\/13427"}],"wp:attachment":[{"href":"https:\/\/www.lodelmomentoloja.com\/index.php?rest_route=%2Fwp%2Fv2%2Fmedia&parent=13426"}],"wp:term":[{"taxonomy":"category","embeddable":true,"href":"https:\/\/www.lodelmomentoloja.com\/index.php?rest_route=%2Fwp%2Fv2%2Fcategories&post=13426"},{"taxonomy":"post_tag","embeddable":true,"href":"https:\/\/www.lodelmomentoloja.com\/index.php?rest_route=%2Fwp%2Fv2%2Ftags&post=13426"}],"curies":[{"name":"wp","href":"https:\/\/api.w.org\/{rel}","templated":true}]}}