{"id":13414,"date":"2023-01-09T07:00:11","date_gmt":"2023-01-09T07:00:11","guid":{"rendered":"https:\/\/www.lodelmomentoloja.com\/?p=13414"},"modified":"2023-01-09T12:39:13","modified_gmt":"2023-01-09T12:39:13","slug":"candidatos-a-la-prefectura-de-las-17-provincias-del-ecuador-expusieron-propuestas-en-el-debate","status":"publish","type":"post","link":"https:\/\/www.lodelmomentoloja.com\/?p=13414","title":{"rendered":"Candidatos a la Prefectura de las 17 provincias del Ecuador expusieron propuestas en el debate"},"content":{"rendered":"<p>En cumplimiento del calendario electoral de las Elecciones Seccionales 2023, la noche de este domingo 8 de enero, se desarrollaron -por primera vez en el pa\u00eds- los debates electorales obligatorios para las prefecturas de 17 provincias: Azuay, Bol\u00edvar, Ca\u00f1ar, Carchi, Cotopaxi, Chimborazo, El Oro, Esmeraldas, Guayas, Imbabura, Loja, Los R\u00edos, Manab\u00ed, Pichincha, Tungurahua, Santo Domingo de los Ts\u00e1chilas y Santa Elena.<\/p>\n<p>&nbsp;<\/p>\n<p>En las provincias en donde participan m\u00e1s de ocho candidatos a la prefectura, se efectuaron dos bloques de debates con una duraci\u00f3n de una hora y media cada uno, con igual numero de participantes en cada grupo. En estos casos, los debates iniciaron a las 19:00. Por otro lado, en las provincias con menos de ocho candidatos, el debate se efectu\u00f3 en un solo bloque de una hora y media, en cumplimiento del Manual de Debates Electorales. En estos casos, el debate inici\u00f3 a las 20:00.<\/p>\n<p>&nbsp;<\/p>\n<p>Los candidatos intervinieron seg\u00fan el orden determinado mediante un sorteo p\u00fablico que se efectu\u00f3 el pasado mes de diciembre. Adem\u00e1s, contaron con un espacio para interpelar a sus contendientes en cada uno de los cuatro ejes tem\u00e1ticos establecidos por el Comit\u00e9 Nacional de Debates. Estos son: seguridad y convivencia ciudadana; econom\u00eda y vialidad; medio ambiente y territorio; y, administraci\u00f3n provincial.<\/p>\n<p>&nbsp;<\/p>\n<p>A trav\u00e9s de estos espacios de di\u00e1logo, el Consejo Nacional Electoral (CNE) promueve el voto informado de la ciudadan\u00eda, pues esta pudo conocer las propuestas de los candidatos a las prefecturas de sus provincias. <strong>El pr\u00f3ximo 14 y 15 de enero se efectuar\u00e1n los debates electorales obligatorios para 21 alcald\u00edas del pa\u00eds.<\/strong><\/p>\n<p>&nbsp;<\/p>\n<p><em>S\u00edguenos #LDMnoticias \u00f3 #lodelmomntolojaLDM<\/em><\/p>\n<p>&nbsp;<\/p>\n","protected":false},"excerpt":{"rendered":"<p>En cumplimiento del calendario electoral de las Elecciones Seccionales 2023, la noche de este domingo&#8230;<\/p>\n","protected":false},"author":1,"featured_media":13415,"comment_status":"open","ping_status":"open","sticky":false,"template":"","format":"standard","meta":{"footnotes":""},"categories":[1,5],"tags":[],"class_list":["post-13414","post","type-post","status-publish","format-standard","has-post-thumbnail","hentry","category-inicio","category-loja"],"_links":{"self":[{"href":"https:\/\/www.lodelmomentoloja.com\/index.php?rest_route=\/wp\/v2\/posts\/13414"}],"collection":[{"href":"https:\/\/www.lodelmomentoloja.com\/index.php?rest_route=\/wp\/v2\/posts"}],"about":[{"href":"https:\/\/www.lodelmomentoloja.com\/index.php?rest_route=\/wp\/v2\/types\/post"}],"author":[{"embeddable":true,"href":"https:\/\/www.lodelmomentoloja.com\/index.php?rest_route=\/wp\/v2\/users\/1"}],"replies":[{"embeddable":true,"href":"https:\/\/www.lodelmomentoloja.com\/index.php?rest_route=%2Fwp%2Fv2%2Fcomments&post=13414"}],"version-history":[{"count":1,"href":"https:\/\/www.lodelmomentoloja.com\/index.php?rest_route=\/wp\/v2\/posts\/13414\/revisions"}],"predecessor-version":[{"id":13416,"href":"https:\/\/www.lodelmomentoloja.com\/index.php?rest_route=\/wp\/v2\/posts\/13414\/revisions\/13416"}],"wp:featuredmedia":[{"embeddable":true,"href":"https:\/\/www.lodelmomentoloja.com\/index.php?rest_route=\/wp\/v2\/media\/13415"}],"wp:attachment":[{"href":"https:\/\/www.lodelmomentoloja.com\/index.php?rest_route=%2Fwp%2Fv2%2Fmedia&parent=13414"}],"wp:term":[{"taxonomy":"category","embeddable":true,"href":"https:\/\/www.lodelmomentoloja.com\/index.php?rest_route=%2Fwp%2Fv2%2Fcategories&post=13414"},{"taxonomy":"post_tag","embeddable":true,"href":"https:\/\/www.lodelmomentoloja.com\/index.php?rest_route=%2Fwp%2Fv2%2Ftags&post=13414"}],"curies":[{"name":"wp","href":"https:\/\/api.w.org\/{rel}","templated":true}]}}