{"id":13390,"date":"2023-01-08T08:43:01","date_gmt":"2023-01-08T08:43:01","guid":{"rendered":"https:\/\/www.lodelmomentoloja.com\/?p=13390"},"modified":"2023-01-08T01:43:58","modified_gmt":"2023-01-08T01:43:58","slug":"inician-debates-electorales-2023-en-loja","status":"publish","type":"post","link":"https:\/\/www.lodelmomentoloja.com\/?p=13390","title":{"rendered":"Inician debates electorales 2023 en Loja"},"content":{"rendered":"<p dir=\"ltr\">\ud83d\udde3\ufe0f\ud83e\udd1c\ud83c\udffb\ud83e\udd1b\ud83c\udffb\u00a0 \u00a1Inician debates electorales! Este domingo 8 de enero se cumplir\u00e1 la primera fecha de \u201cDebates Electorales Obligatorios\u201d, dirigido a los 12 candidatos que postulan a la Prefectura de la provincia de Loja. El evento tendr\u00e1 lugar en el Teatro Nacional Benjam\u00edn Carri\u00f3n Mora, a partir de las 19h00 y ser\u00e1 sin p\u00fablico.<\/p>\n<p>El desarrollo del debate se centrar\u00e1 en las preguntas elaboradas por el Comit\u00e9 Nacional de Debates y estar\u00e1n identificadas con un sobre sellado de color distinto seg\u00fan el tema de la siguiente manera: Seguridad y Convivencia Social color amarillo; Econom\u00eda y Vialidad color azul; Medio Ambiente y Territorio color celeste, Administraci\u00f3n Local y Provincial color blanco. Adem\u00e1s, las y los candidatos responder\u00e1n una pregunta personal cuyo sobre distintivo ser\u00e1 de color rosado.<\/p>\n<p>Luis Cisneros Jaramillo, director de la delegaci\u00f3n electoral de Loja, manifest\u00f3 que los debates ser\u00e1n transmitidos en se\u00f1al abierta en las cuentas institucionales y retransmitidos por los medios de comunicaci\u00f3n de esta provincia, con la finalidad de aportar en el desarrollo de un proceso equitativo en el que todos los candidatos tengan las mismas oportunidades para presentar sus propuestas y planes de trabajo, pero sobre todo fomentar en la ciudadan\u00eda una cultura de informaci\u00f3n pol\u00edtica para ejercer un voto responsable.<\/p>\n<p>Para los debates, las y los candidatos conocen su lugar de ubicaci\u00f3n en el set, orden de intervenci\u00f3n y de interpelaci\u00f3n, adem\u00e1s, podr\u00e1n acudir acompa\u00f1ados de su equipo asesor. Se ha coordinado con el personal de la fuerza p\u00fablica para brindar seguridad y garantizar el normal desarrollo del evento.<\/p>\n<p dir=\"ltr\">S\u00edguenos en #LDMnoticias \u00f3 #lodelmomentolojaLDM<\/p>\n","protected":false},"excerpt":{"rendered":"<p>\ud83d\udde3\ufe0f\ud83e\udd1c\ud83c\udffb\ud83e\udd1b\ud83c\udffb\u00a0 \u00a1Inician debates electorales! Este domingo 8 de enero se cumplir\u00e1 la primera fecha de&#8230;<\/p>\n","protected":false},"author":1,"featured_media":13391,"comment_status":"open","ping_status":"open","sticky":false,"template":"","format":"standard","meta":{"footnotes":""},"categories":[1,5],"tags":[],"class_list":["post-13390","post","type-post","status-publish","format-standard","has-post-thumbnail","hentry","category-inicio","category-loja"],"_links":{"self":[{"href":"https:\/\/www.lodelmomentoloja.com\/index.php?rest_route=\/wp\/v2\/posts\/13390"}],"collection":[{"href":"https:\/\/www.lodelmomentoloja.com\/index.php?rest_route=\/wp\/v2\/posts"}],"about":[{"href":"https:\/\/www.lodelmomentoloja.com\/index.php?rest_route=\/wp\/v2\/types\/post"}],"author":[{"embeddable":true,"href":"https:\/\/www.lodelmomentoloja.com\/index.php?rest_route=\/wp\/v2\/users\/1"}],"replies":[{"embeddable":true,"href":"https:\/\/www.lodelmomentoloja.com\/index.php?rest_route=%2Fwp%2Fv2%2Fcomments&post=13390"}],"version-history":[{"count":1,"href":"https:\/\/www.lodelmomentoloja.com\/index.php?rest_route=\/wp\/v2\/posts\/13390\/revisions"}],"predecessor-version":[{"id":13392,"href":"https:\/\/www.lodelmomentoloja.com\/index.php?rest_route=\/wp\/v2\/posts\/13390\/revisions\/13392"}],"wp:featuredmedia":[{"embeddable":true,"href":"https:\/\/www.lodelmomentoloja.com\/index.php?rest_route=\/wp\/v2\/media\/13391"}],"wp:attachment":[{"href":"https:\/\/www.lodelmomentoloja.com\/index.php?rest_route=%2Fwp%2Fv2%2Fmedia&parent=13390"}],"wp:term":[{"taxonomy":"category","embeddable":true,"href":"https:\/\/www.lodelmomentoloja.com\/index.php?rest_route=%2Fwp%2Fv2%2Fcategories&post=13390"},{"taxonomy":"post_tag","embeddable":true,"href":"https:\/\/www.lodelmomentoloja.com\/index.php?rest_route=%2Fwp%2Fv2%2Ftags&post=13390"}],"curies":[{"name":"wp","href":"https:\/\/api.w.org\/{rel}","templated":true}]}}