{"id":13357,"date":"2023-01-06T08:25:43","date_gmt":"2023-01-06T08:25:43","guid":{"rendered":"https:\/\/www.lodelmomentoloja.com\/?p=13357"},"modified":"2023-01-06T13:27:46","modified_gmt":"2023-01-06T13:27:46","slug":"dia-de-reyes-celebra-la-iglesia-catolica","status":"publish","type":"post","link":"https:\/\/www.lodelmomentoloja.com\/?p=13357","title":{"rendered":"D\u00eda de reyes celebra la iglesia cat\u00f3lica"},"content":{"rendered":"<p dir=\"ltr\">\ud83e\udec5\ud83c\udffb\ud83e\udec5\ud83c\udffc\ud83e\udec5\ud83c\udfff Este viernes 06 de enero de 2023, se celebra el D\u00eda de Reyes o la Epifan\u00eda del Se\u00f1or. La iglesia Catedral de Loja ha preparado varias actividades conmemorativas a la fecha, entre estas, la tradicional procesi\u00f3n con el ni\u00f1o Jes\u00fas.<\/p>\n<p dir=\"ltr\">Seg\u00fan la historia, este d\u00eda se celebra debido a que fue justamente en esta fecha cuando tres Reyes Magos llegaron a Oriente en busca del ni\u00f1o y tras encontrarlo junto a su madre Mar\u00eda y su padre Jos\u00e9 le entregaron regalos.<\/p>\n<p dir=\"ltr\">Uno de ellos le ofreci\u00f3 \u201coro\u201d que significaba realeza; el otro \u201cincienso\u201d, que es alabanza a Dios; y, el tercero \u201cmirra\u201d, que le anunciaba que cuando sea hombre iba a morir por todos nosotros.<\/p>\n<p dir=\"ltr\">Monse\u00f1or Walter Heras Segarra, se\u00f1al\u00f3 que han preparado varios actos para este d\u00eda. Iniciar\u00e1n con el tradicional Pase del Ni\u00f1o desde las 18h00 hasta\u00a0 las 19h00. El recorrido ser\u00e1: Puerta de la Ciudad, calle 18 de Noviembre, Col\u00f3n, Bol\u00edvar, 10 de Agosto, Bernardo Valdivieso, llegando finalmente a la Catedral.<\/p>\n<p dir=\"ltr\">&#8220;Participar\u00e1n de este acto especial todos los ni\u00f1os de la catequesis, grupos laicales y los devotos. A las 19h00 habr\u00e1 la misa solemne con el apoyo de los priostes de la iglesia la Catedral, tambi\u00e9n ser\u00e1 el momento propicio para nombrar al prioste del pr\u00f3ximo a\u00f1o\u201d, dijo el obispo.<\/p>\n<p dir=\"ltr\">Agreg\u00f3 que, con la celebraci\u00f3n de la eucarist\u00eda se culminan las festividades navide\u00f1as y se inicia el camino hacia la Semana Mayor.<\/p>\n<p dir=\"ltr\">Monse\u00f1or Walter Heras Segarra mencion\u00f3 que, posterior a la eucarist\u00eda, los ni\u00f1os presentes ser\u00e1n parte de un agasajo, tal como lo se\u00f1alan las escrituras \u201clos reyes llevaron regalos al ni\u00f1o\u201d.<\/p>\n<p dir=\"ltr\">S\u00edguenos en #LDMnoticias \u00f3 #lodelmomentolojaLDM<\/p>\n","protected":false},"excerpt":{"rendered":"<p>\ud83e\udec5\ud83c\udffb\ud83e\udec5\ud83c\udffc\ud83e\udec5\ud83c\udfff Este viernes 06 de enero de 2023, se celebra el D\u00eda de Reyes o&#8230;<\/p>\n","protected":false},"author":1,"featured_media":13358,"comment_status":"open","ping_status":"open","sticky":false,"template":"","format":"standard","meta":{"footnotes":""},"categories":[7,1,5],"tags":[],"class_list":["post-13357","post","type-post","status-publish","format-standard","has-post-thumbnail","hentry","category-ecuador","category-inicio","category-loja"],"_links":{"self":[{"href":"https:\/\/www.lodelmomentoloja.com\/index.php?rest_route=\/wp\/v2\/posts\/13357"}],"collection":[{"href":"https:\/\/www.lodelmomentoloja.com\/index.php?rest_route=\/wp\/v2\/posts"}],"about":[{"href":"https:\/\/www.lodelmomentoloja.com\/index.php?rest_route=\/wp\/v2\/types\/post"}],"author":[{"embeddable":true,"href":"https:\/\/www.lodelmomentoloja.com\/index.php?rest_route=\/wp\/v2\/users\/1"}],"replies":[{"embeddable":true,"href":"https:\/\/www.lodelmomentoloja.com\/index.php?rest_route=%2Fwp%2Fv2%2Fcomments&post=13357"}],"version-history":[{"count":1,"href":"https:\/\/www.lodelmomentoloja.com\/index.php?rest_route=\/wp\/v2\/posts\/13357\/revisions"}],"predecessor-version":[{"id":13359,"href":"https:\/\/www.lodelmomentoloja.com\/index.php?rest_route=\/wp\/v2\/posts\/13357\/revisions\/13359"}],"wp:featuredmedia":[{"embeddable":true,"href":"https:\/\/www.lodelmomentoloja.com\/index.php?rest_route=\/wp\/v2\/media\/13358"}],"wp:attachment":[{"href":"https:\/\/www.lodelmomentoloja.com\/index.php?rest_route=%2Fwp%2Fv2%2Fmedia&parent=13357"}],"wp:term":[{"taxonomy":"category","embeddable":true,"href":"https:\/\/www.lodelmomentoloja.com\/index.php?rest_route=%2Fwp%2Fv2%2Fcategories&post=13357"},{"taxonomy":"post_tag","embeddable":true,"href":"https:\/\/www.lodelmomentoloja.com\/index.php?rest_route=%2Fwp%2Fv2%2Ftags&post=13357"}],"curies":[{"name":"wp","href":"https:\/\/api.w.org\/{rel}","templated":true}]}}