{"id":13303,"date":"2023-01-04T09:27:55","date_gmt":"2023-01-04T09:27:55","guid":{"rendered":"https:\/\/www.lodelmomentoloja.com\/?p=13303"},"modified":"2023-01-04T14:29:33","modified_gmt":"2023-01-04T14:29:33","slug":"german-caceres-tras-las-rejas-en-ecuador","status":"publish","type":"post","link":"https:\/\/www.lodelmomentoloja.com\/?p=13303","title":{"rendered":"Germ\u00e1n C\u00e1ceres tras las rejas en Ecuador"},"content":{"rendered":"<p>\ud83d\udc64\u26d3\ufe0f\ud83d\udc6e\ud83c\udffb Germ\u00e1n C\u00e1ceres fue trasladado a la c\u00e1rcel La Roca, en Guayaquil.<\/p>\n<p>El exteniente procesado por el femicidio de la abogada Mar\u00eda Bel\u00e9n Bernal permanecer\u00e1 en la denominada \u201cprisi\u00f3n de m\u00e1xima seguridad\u201c, luego de haber sido capturado en Colombia.<\/p>\n<p>C\u00e1ceres lleg\u00f3 inicialmente a la Base A\u00e9rea Sim\u00f3n Bol\u00edvar y luego fue inmediatamente trasladado hacia la c\u00e1rcel La Roca, donde permanecer\u00e1 detenido de manera preventiva ya que todav\u00eda no existe en su contra una sentencia en firme.<\/p>\n<p>Seg\u00fan el plazo m\u00e1ximo establecido en el C\u00f3digo Org\u00e1nico Integral Penal (COIP), la investigaci\u00f3n por femicidio en contra de Germ\u00e1n C\u00e1ceres no podr\u00e1 alargarse m\u00e1s all\u00e1 de los 120 d\u00edas que se establecieron luego de su vinculaci\u00f3n al proceso.<\/p>\n<p>#LDMnoticias #lodelmomentolojaLDM<\/p>\n","protected":false},"excerpt":{"rendered":"<p>\ud83d\udc64\u26d3\ufe0f\ud83d\udc6e\ud83c\udffb Germ\u00e1n C\u00e1ceres fue trasladado a la c\u00e1rcel La Roca, en Guayaquil. El exteniente procesado&#8230;<\/p>\n","protected":false},"author":1,"featured_media":13304,"comment_status":"open","ping_status":"open","sticky":false,"template":"","format":"standard","meta":{"footnotes":""},"categories":[7,1,4],"tags":[],"class_list":["post-13303","post","type-post","status-publish","format-standard","has-post-thumbnail","hentry","category-ecuador","category-inicio","category-internacional"],"_links":{"self":[{"href":"https:\/\/www.lodelmomentoloja.com\/index.php?rest_route=\/wp\/v2\/posts\/13303"}],"collection":[{"href":"https:\/\/www.lodelmomentoloja.com\/index.php?rest_route=\/wp\/v2\/posts"}],"about":[{"href":"https:\/\/www.lodelmomentoloja.com\/index.php?rest_route=\/wp\/v2\/types\/post"}],"author":[{"embeddable":true,"href":"https:\/\/www.lodelmomentoloja.com\/index.php?rest_route=\/wp\/v2\/users\/1"}],"replies":[{"embeddable":true,"href":"https:\/\/www.lodelmomentoloja.com\/index.php?rest_route=%2Fwp%2Fv2%2Fcomments&post=13303"}],"version-history":[{"count":1,"href":"https:\/\/www.lodelmomentoloja.com\/index.php?rest_route=\/wp\/v2\/posts\/13303\/revisions"}],"predecessor-version":[{"id":13305,"href":"https:\/\/www.lodelmomentoloja.com\/index.php?rest_route=\/wp\/v2\/posts\/13303\/revisions\/13305"}],"wp:featuredmedia":[{"embeddable":true,"href":"https:\/\/www.lodelmomentoloja.com\/index.php?rest_route=\/wp\/v2\/media\/13304"}],"wp:attachment":[{"href":"https:\/\/www.lodelmomentoloja.com\/index.php?rest_route=%2Fwp%2Fv2%2Fmedia&parent=13303"}],"wp:term":[{"taxonomy":"category","embeddable":true,"href":"https:\/\/www.lodelmomentoloja.com\/index.php?rest_route=%2Fwp%2Fv2%2Fcategories&post=13303"},{"taxonomy":"post_tag","embeddable":true,"href":"https:\/\/www.lodelmomentoloja.com\/index.php?rest_route=%2Fwp%2Fv2%2Ftags&post=13303"}],"curies":[{"name":"wp","href":"https:\/\/api.w.org\/{rel}","templated":true}]}}