{"id":13286,"date":"2023-01-03T17:00:07","date_gmt":"2023-01-03T17:00:07","guid":{"rendered":"https:\/\/www.lodelmomentoloja.com\/?p=13286"},"modified":"2023-01-03T22:02:57","modified_gmt":"2023-01-03T22:02:57","slug":"german-caceres-arribo-a-ecuador","status":"publish","type":"post","link":"https:\/\/www.lodelmomentoloja.com\/?p=13286","title":{"rendered":"Germ\u00e1n C\u00e1ceres arrib\u00f3 a Ecuador"},"content":{"rendered":"<p dir=\"ltr\">\ud83d\udeec\u26d3\ufe0f\ud83d\udde3\ufe0f \u00a1C\u00e1ceres llega a Ecuador! El presunto femicida y principal sospechoso del caso Mar\u00eda Bel\u00e9n Bernal, Germ\u00e1n C\u00e1ceres, lleg\u00f3 a Quito la tarde de este martes 03 de enero del 2023, gracias a un trabajo conjunto entre las fiscal\u00edas de Colombia y Ecuador, tres meses despu\u00e9s de haber salido de Quito.<\/p>\n<ul>\n<li dir=\"ltr\"><img loading=\"lazy\" decoding=\"async\" class=\"alignnone size-medium wp-image-13288\" src=\"http:\/\/www.lodelmomentoloja.com\/wp-content\/uploads\/2023\/01\/20230103_165714-300x205.jpg\" alt=\"\" width=\"300\" height=\"205\" srcset=\"https:\/\/www.lodelmomentoloja.com\/wp-content\/uploads\/2023\/01\/20230103_165714-300x205.jpg 300w, https:\/\/www.lodelmomentoloja.com\/wp-content\/uploads\/2023\/01\/20230103_165714-768x524.jpg 768w, https:\/\/www.lodelmomentoloja.com\/wp-content\/uploads\/2023\/01\/20230103_165714-640x437.jpg 640w, https:\/\/www.lodelmomentoloja.com\/wp-content\/uploads\/2023\/01\/20230103_165714.jpg 1024w\" sizes=\"(max-width: 300px) 100vw, 300px\" \/><\/li>\n<\/ul>\n<p dir=\"ltr\">Tras su captura por parte de la interpol colombiana el procesado fue dejado a disposici\u00f3n de Migraci\u00f3n Colombia en el Aeropuerto El Dorado (Bogot\u00e1) donde abord\u00f3 un vuelo, pasado el medio d\u00eda de este martes, con destino a Quito donde fue recibido por las autoridades Ecuatorianas<\/p>\n<p dir=\"ltr\"><img loading=\"lazy\" decoding=\"async\" class=\"alignnone size-medium wp-image-13289\" src=\"http:\/\/www.lodelmomentoloja.com\/wp-content\/uploads\/2023\/01\/20230103_165817-222x300.jpg\" alt=\"\" width=\"222\" height=\"300\" srcset=\"https:\/\/www.lodelmomentoloja.com\/wp-content\/uploads\/2023\/01\/20230103_165817-222x300.jpg 222w, https:\/\/www.lodelmomentoloja.com\/wp-content\/uploads\/2023\/01\/20230103_165817.jpg 538w\" sizes=\"(max-width: 222px) 100vw, 222px\" \/><\/p>\n<p dir=\"ltr\">#LDMnoticias #lodelmomentolojaLMD<\/p>\n","protected":false},"excerpt":{"rendered":"<p>\ud83d\udeec\u26d3\ufe0f\ud83d\udde3\ufe0f \u00a1C\u00e1ceres llega a Ecuador! El presunto femicida y principal sospechoso del caso Mar\u00eda Bel\u00e9n&#8230;<\/p>\n","protected":false},"author":1,"featured_media":13287,"comment_status":"open","ping_status":"open","sticky":false,"template":"","format":"standard","meta":{"footnotes":""},"categories":[1,4],"tags":[],"class_list":["post-13286","post","type-post","status-publish","format-standard","has-post-thumbnail","hentry","category-inicio","category-internacional"],"_links":{"self":[{"href":"https:\/\/www.lodelmomentoloja.com\/index.php?rest_route=\/wp\/v2\/posts\/13286"}],"collection":[{"href":"https:\/\/www.lodelmomentoloja.com\/index.php?rest_route=\/wp\/v2\/posts"}],"about":[{"href":"https:\/\/www.lodelmomentoloja.com\/index.php?rest_route=\/wp\/v2\/types\/post"}],"author":[{"embeddable":true,"href":"https:\/\/www.lodelmomentoloja.com\/index.php?rest_route=\/wp\/v2\/users\/1"}],"replies":[{"embeddable":true,"href":"https:\/\/www.lodelmomentoloja.com\/index.php?rest_route=%2Fwp%2Fv2%2Fcomments&post=13286"}],"version-history":[{"count":1,"href":"https:\/\/www.lodelmomentoloja.com\/index.php?rest_route=\/wp\/v2\/posts\/13286\/revisions"}],"predecessor-version":[{"id":13290,"href":"https:\/\/www.lodelmomentoloja.com\/index.php?rest_route=\/wp\/v2\/posts\/13286\/revisions\/13290"}],"wp:featuredmedia":[{"embeddable":true,"href":"https:\/\/www.lodelmomentoloja.com\/index.php?rest_route=\/wp\/v2\/media\/13287"}],"wp:attachment":[{"href":"https:\/\/www.lodelmomentoloja.com\/index.php?rest_route=%2Fwp%2Fv2%2Fmedia&parent=13286"}],"wp:term":[{"taxonomy":"category","embeddable":true,"href":"https:\/\/www.lodelmomentoloja.com\/index.php?rest_route=%2Fwp%2Fv2%2Fcategories&post=13286"},{"taxonomy":"post_tag","embeddable":true,"href":"https:\/\/www.lodelmomentoloja.com\/index.php?rest_route=%2Fwp%2Fv2%2Ftags&post=13286"}],"curies":[{"name":"wp","href":"https:\/\/api.w.org\/{rel}","templated":true}]}}