{"id":13260,"date":"2023-01-02T10:00:13","date_gmt":"2023-01-02T10:00:13","guid":{"rendered":"https:\/\/www.lodelmomentoloja.com\/?p=13260"},"modified":"2023-01-02T17:44:14","modified_gmt":"2023-01-02T17:44:14","slug":"la-noche-del-santo-regresa-recargado-este-2023","status":"publish","type":"post","link":"https:\/\/www.lodelmomentoloja.com\/?p=13260","title":{"rendered":"La noche del Santo regresa recargado este 2023"},"content":{"rendered":"<p>Tras haber sufrido un accidente el conductor del programa La Noche del Santo, Santiago Err\u00e1ez, hizo que el estreno del programa de entretenimiento nocturno, aplace su estreno que estaba previsto el 4 de diciembre del 2022.<\/p>\n<p>Sin embargo, el \u00e9xito del programa en la primera temporada temporada del programa nocturno \u201cLa noche del Santo\u201d transmitido a inicios de febrero del 2022 por el medio digital LDM, hizo que la nueva temporada sea una realidad, pero en esta ocasi\u00f3n, con la edici\u00f3n especial por las elecciones seccionales 2023.<\/p>\n<p>Este programa con una mezcla de entrevistas al estilo picaresco, juego de palabras y sobre todo de cultura local, espera cautivar y llenar de sonrisas sonrisas a la ciudadan\u00eda lojana, Ecuador y del mundo que navega en las diferentes redes sociales en compa\u00f1\u00eda de la familia.<\/p>\n<p>Por ello, esta nueva temporada\u00a0<strong>se transmitir\u00e1 desde las plataformas digitales de LDM este martes 3 de enero 2023 a las 20h00 pm<\/strong>, con sus invitados y tem\u00e1tica, esperan revolucionar esta nueva propuesta que se dar\u00e1 en vivo, lleno de retos y regalos, para chicos y grandes. Adem\u00e1s, la noche del santo ser\u00e1 uno de los diferentes programas que se desarrollar\u00e1n en v\u00edsperas del a\u00f1o 2023.<\/p>\n<p>&nbsp;<\/p>\n<h5>EDICIONES ANTERIORES.<\/h5>\n<p><a href=\"https:\/\/www.facebook.com\/lodelmomentolojaLDM\/videos\/1150762109034116\">https:\/\/www.facebook.com\/lodelmomentolojaLDM\/videos\/1150762109034116<\/a><\/p>\n<p>&nbsp;<\/p>\n<p><em>S\u00edguenos #LDMnoticias \u00f3 #lodelmomentolojaLDM<\/em><\/p>\n","protected":false},"excerpt":{"rendered":"<p>Tras haber sufrido un accidente el conductor del programa La Noche del Santo, Santiago Err\u00e1ez,&#8230;<\/p>\n","protected":false},"author":1,"featured_media":13264,"comment_status":"open","ping_status":"open","sticky":false,"template":"","format":"standard","meta":{"footnotes":""},"categories":[1,5],"tags":[],"class_list":["post-13260","post","type-post","status-publish","format-standard","has-post-thumbnail","hentry","category-inicio","category-loja"],"_links":{"self":[{"href":"https:\/\/www.lodelmomentoloja.com\/index.php?rest_route=\/wp\/v2\/posts\/13260"}],"collection":[{"href":"https:\/\/www.lodelmomentoloja.com\/index.php?rest_route=\/wp\/v2\/posts"}],"about":[{"href":"https:\/\/www.lodelmomentoloja.com\/index.php?rest_route=\/wp\/v2\/types\/post"}],"author":[{"embeddable":true,"href":"https:\/\/www.lodelmomentoloja.com\/index.php?rest_route=\/wp\/v2\/users\/1"}],"replies":[{"embeddable":true,"href":"https:\/\/www.lodelmomentoloja.com\/index.php?rest_route=%2Fwp%2Fv2%2Fcomments&post=13260"}],"version-history":[{"count":1,"href":"https:\/\/www.lodelmomentoloja.com\/index.php?rest_route=\/wp\/v2\/posts\/13260\/revisions"}],"predecessor-version":[{"id":13265,"href":"https:\/\/www.lodelmomentoloja.com\/index.php?rest_route=\/wp\/v2\/posts\/13260\/revisions\/13265"}],"wp:featuredmedia":[{"embeddable":true,"href":"https:\/\/www.lodelmomentoloja.com\/index.php?rest_route=\/wp\/v2\/media\/13264"}],"wp:attachment":[{"href":"https:\/\/www.lodelmomentoloja.com\/index.php?rest_route=%2Fwp%2Fv2%2Fmedia&parent=13260"}],"wp:term":[{"taxonomy":"category","embeddable":true,"href":"https:\/\/www.lodelmomentoloja.com\/index.php?rest_route=%2Fwp%2Fv2%2Fcategories&post=13260"},{"taxonomy":"post_tag","embeddable":true,"href":"https:\/\/www.lodelmomentoloja.com\/index.php?rest_route=%2Fwp%2Fv2%2Ftags&post=13260"}],"curies":[{"name":"wp","href":"https:\/\/api.w.org\/{rel}","templated":true}]}}