{"id":13253,"date":"2023-01-02T08:00:44","date_gmt":"2023-01-02T08:00:44","guid":{"rendered":"https:\/\/www.lodelmomentoloja.com\/?p=13253"},"modified":"2023-01-02T15:10:35","modified_gmt":"2023-01-02T15:10:35","slug":"cne-habilito-a-777-medios-para-la-promocion-electoral-de-las-elecciones-2023","status":"publish","type":"post","link":"https:\/\/www.lodelmomentoloja.com\/?p=13253","title":{"rendered":"CNE habilit\u00f3 a 777 medios para la promoci\u00f3n electoral de las elecciones 2023."},"content":{"rendered":"<p>El Pleno del Consejo Nacional Electoral (CNE), este jueves 29 de diciembre 2022, <strong>calific\u00f3 a 777 medios de comunicaci\u00f3n y empresas de vallas publicitarias como proveedores de promoci\u00f3n electoral<\/strong> para las Elecciones Seccionales, del Consejo de Participaci\u00f3n Ciudadana y Control Social (CPCCS) y Refer\u00e9ndum 2023.<\/p>\n<p>El \u00f3rgano electoral realiz\u00f3 dos convocatorias para que los medios de comunicaci\u00f3n social (radio, prensa escrita, televisi\u00f3n, medios digitales) y empresas de vallas publicitarias se registren como proveedores de promoci\u00f3n electoral. En el primer llamado, hubo 706 calificados, mientras que en la segunda convocatoria, otros 71 cumplieron con los requisitos establecidos en la normativa.<\/p>\n<p>De esta manera, el CNE garantiza la promoci\u00f3n electoral equitativa e igualitaria, que propicie el debate y la difusi\u00f3n de las propuestas program\u00e1ticas de todas las candidaturas y opciones, durante la campa\u00f1a electoral, que se realizar\u00e1 entre el 3 de enero y 2 de febrero de 2023.<\/p>\n<p>En toda la provincia de Loja, solo <strong>&#8220;LO DEL MOMENTO&#8221; es el \u00fanico medio de comunicaci\u00f3n digital<\/strong> que ha logrado ser proveedor avalado para realizar esta actividad que la desarrolla el Consejo Nacional Electoral del Ecuador, <strong>la primera en las Elecciones Generales 2021<\/strong> y la m\u00e1s reciente, las Elecciones Seccionales, del CPCCS y Refer\u00e9mdum 2023.<\/p>\n<p>&nbsp;<\/p>\n<p><em>S\u00edguenos #LDMnoticias \u00f3 #lodelmomentolojaLDM<\/em><\/p>\n","protected":false},"excerpt":{"rendered":"<p>El Pleno del Consejo Nacional Electoral (CNE), este jueves 29 de diciembre 2022, calific\u00f3 a&#8230;<\/p>\n","protected":false},"author":1,"featured_media":13257,"comment_status":"open","ping_status":"open","sticky":false,"template":"","format":"standard","meta":{"footnotes":""},"categories":[1,5],"tags":[],"class_list":["post-13253","post","type-post","status-publish","format-standard","has-post-thumbnail","hentry","category-inicio","category-loja"],"_links":{"self":[{"href":"https:\/\/www.lodelmomentoloja.com\/index.php?rest_route=\/wp\/v2\/posts\/13253"}],"collection":[{"href":"https:\/\/www.lodelmomentoloja.com\/index.php?rest_route=\/wp\/v2\/posts"}],"about":[{"href":"https:\/\/www.lodelmomentoloja.com\/index.php?rest_route=\/wp\/v2\/types\/post"}],"author":[{"embeddable":true,"href":"https:\/\/www.lodelmomentoloja.com\/index.php?rest_route=\/wp\/v2\/users\/1"}],"replies":[{"embeddable":true,"href":"https:\/\/www.lodelmomentoloja.com\/index.php?rest_route=%2Fwp%2Fv2%2Fcomments&post=13253"}],"version-history":[{"count":1,"href":"https:\/\/www.lodelmomentoloja.com\/index.php?rest_route=\/wp\/v2\/posts\/13253\/revisions"}],"predecessor-version":[{"id":13255,"href":"https:\/\/www.lodelmomentoloja.com\/index.php?rest_route=\/wp\/v2\/posts\/13253\/revisions\/13255"}],"wp:featuredmedia":[{"embeddable":true,"href":"https:\/\/www.lodelmomentoloja.com\/index.php?rest_route=\/wp\/v2\/media\/13257"}],"wp:attachment":[{"href":"https:\/\/www.lodelmomentoloja.com\/index.php?rest_route=%2Fwp%2Fv2%2Fmedia&parent=13253"}],"wp:term":[{"taxonomy":"category","embeddable":true,"href":"https:\/\/www.lodelmomentoloja.com\/index.php?rest_route=%2Fwp%2Fv2%2Fcategories&post=13253"},{"taxonomy":"post_tag","embeddable":true,"href":"https:\/\/www.lodelmomentoloja.com\/index.php?rest_route=%2Fwp%2Fv2%2Ftags&post=13253"}],"curies":[{"name":"wp","href":"https:\/\/api.w.org\/{rel}","templated":true}]}}