{"id":13226,"date":"2022-12-30T12:01:09","date_gmt":"2022-12-30T12:01:09","guid":{"rendered":"https:\/\/www.lodelmomentoloja.com\/?p=13226"},"modified":"2022-12-30T17:05:51","modified_gmt":"2022-12-30T17:05:51","slug":"lojana-designada-moderadora-para-debates-en-2023","status":"publish","type":"post","link":"https:\/\/www.lodelmomentoloja.com\/?p=13226","title":{"rendered":"Lojana designada moderadora para debates en 2023"},"content":{"rendered":"<p>Andrea Samaniego, fue designada por el CNE para ser parte de los moderadores de Ecuador Debate 2023. Por Loja.<\/p>\n<p>El Pleno del Consejo Nacional Electoral (CNE), design\u00f3 a 17 profesionales de la comunicaci\u00f3n para moderar los Debates Electorales obligatorios, correspondientes a 17 prefecturas y 21 alcald\u00edas, en el marco de las Elecciones Seccionales 2023.<\/p>\n<p>Las autoridades electorales seleccionaron a los moderadores, con base en las ternas presentadas por el Comit\u00e9 Nacional de Debates, con perfiles para cada provincia. Para designar a los moderadores, se consideraron los siguientes criterios: paridad de g\u00e9nero, t\u00edtulo acad\u00e9mico validado y obtenido 5 a\u00f1os antes a la fecha de desarrollo del debate; as\u00ed como experiencia y trayectoria de al menos 4 a\u00f1os de ejercicio profesional en medios de comunicaci\u00f3n.<\/p>\n<p>Los moderadores se encargar\u00e1n de dirigir los debates de sus respectivas provincias y realizar el bloque de entrevistas a los aspirantes a prefecturas y alcald\u00edas. Realizar\u00e1n tambi\u00e9n la gesti\u00f3n de tiempos, el cumplimiento de las reglas acordadas, la apertura y cierre de cada eje tem\u00e1tico, la presentaci\u00f3n y cierre del debate y la introducci\u00f3n de cada tema.<\/p>\n<p>De esta manera, el CNE avanza con pasos firmes para la ejecuci\u00f3n t\u00e9cnica y transparente de los debates de prefecturas (8 de enero) y de alcald\u00edas (14 y 15 de enero de 2023), con el objetivo de promover el voto informado de la ciudadan\u00eda.<\/p>\n<p>El listado de moderadores es:<\/p>\n<p>No.<\/p>\n<p>Provincia\/ Moderador<\/p>\n<p>1.-Azuay \/ Hern\u00e1n Samaniego<\/p>\n<p>2.-Bol\u00edvar \/ Mariana Velasco<\/p>\n<p>3.-Ca\u00f1ar \/ Jorge Piedra<\/p>\n<p>4.-Carchi \/ Lucy Jim\u00e9nez<\/p>\n<p>5.-Cotopaxi \/ Jhoselyn Escobar<\/p>\n<p>6.-Chimborazo \/ Diego Amores<\/p>\n<p>7.-El Oro \/ Lizette Lazo<\/p>\n<p>8.-Esmeraldas \/ Fabricio Alvarado<\/p>\n<p>9.-Guayas \/ Luisa Delgadillo<\/p>\n<p>10.-Imbabura \/ Hugo Bonilla<\/p>\n<p>11.-Loja \/ Andrea Samaniego<\/p>\n<p>12.-Los R\u00edos \/ Diana Anzu\u00e1tegui<\/p>\n<p>13.-Manab\u00ed \/ Juan Pablo Tr\u00e1mpuz<\/p>\n<p>14.-Pichincha \/ Freddy Paredes<\/p>\n<p>15.-Tungurahua \/ Martha Lezano<\/p>\n<p>16.-Santo Domingo de los Ts\u00e1chilas \/ Mar\u00eda Jos\u00e9 Mac\u00edas<\/p>\n<p>17.-Santa Elena \/ Tyron Lino<\/p>\n<p>Fuente: Diario Cr\u00f3nica<\/p>\n<p>S\u00edguenos en #LDMnoticias \u00f3 #lodelmomentolojaLDM<\/p>\n","protected":false},"excerpt":{"rendered":"<p>Andrea Samaniego, fue designada por el CNE para ser parte de los moderadores de Ecuador&#8230;<\/p>\n","protected":false},"author":1,"featured_media":13227,"comment_status":"open","ping_status":"open","sticky":false,"template":"","format":"standard","meta":{"footnotes":""},"categories":[7,1,5],"tags":[],"class_list":["post-13226","post","type-post","status-publish","format-standard","has-post-thumbnail","hentry","category-ecuador","category-inicio","category-loja"],"_links":{"self":[{"href":"https:\/\/www.lodelmomentoloja.com\/index.php?rest_route=\/wp\/v2\/posts\/13226"}],"collection":[{"href":"https:\/\/www.lodelmomentoloja.com\/index.php?rest_route=\/wp\/v2\/posts"}],"about":[{"href":"https:\/\/www.lodelmomentoloja.com\/index.php?rest_route=\/wp\/v2\/types\/post"}],"author":[{"embeddable":true,"href":"https:\/\/www.lodelmomentoloja.com\/index.php?rest_route=\/wp\/v2\/users\/1"}],"replies":[{"embeddable":true,"href":"https:\/\/www.lodelmomentoloja.com\/index.php?rest_route=%2Fwp%2Fv2%2Fcomments&post=13226"}],"version-history":[{"count":1,"href":"https:\/\/www.lodelmomentoloja.com\/index.php?rest_route=\/wp\/v2\/posts\/13226\/revisions"}],"predecessor-version":[{"id":13228,"href":"https:\/\/www.lodelmomentoloja.com\/index.php?rest_route=\/wp\/v2\/posts\/13226\/revisions\/13228"}],"wp:featuredmedia":[{"embeddable":true,"href":"https:\/\/www.lodelmomentoloja.com\/index.php?rest_route=\/wp\/v2\/media\/13227"}],"wp:attachment":[{"href":"https:\/\/www.lodelmomentoloja.com\/index.php?rest_route=%2Fwp%2Fv2%2Fmedia&parent=13226"}],"wp:term":[{"taxonomy":"category","embeddable":true,"href":"https:\/\/www.lodelmomentoloja.com\/index.php?rest_route=%2Fwp%2Fv2%2Fcategories&post=13226"},{"taxonomy":"post_tag","embeddable":true,"href":"https:\/\/www.lodelmomentoloja.com\/index.php?rest_route=%2Fwp%2Fv2%2Ftags&post=13226"}],"curies":[{"name":"wp","href":"https:\/\/api.w.org\/{rel}","templated":true}]}}