{"id":13217,"date":"2022-12-30T10:03:30","date_gmt":"2022-12-30T10:03:30","guid":{"rendered":"https:\/\/www.lodelmomentoloja.com\/?p=13217"},"modified":"2022-12-30T15:08:07","modified_gmt":"2022-12-30T15:08:07","slug":"papa-francisco-pide-oracion-por-benedicto-xvi","status":"publish","type":"post","link":"https:\/\/www.lodelmomentoloja.com\/?p=13217","title":{"rendered":"Papa Francisco pide oraci\u00f3n por Benedicto XVI"},"content":{"rendered":"<p>\ud83d\ude4f\ud83c\udffb\ud83d\ude47\ud83c\udffb\u200d\u2642\ufe0f\u26ea \u00a1Se encuentra grave! El papa Francisco pidi\u00f3 una oraci\u00f3n por el pont\u00edfice em\u00e9rito Benedicto XVI, durante una audiencia general puesto que en las \u00faltimas horas se ha agravado su estado de salud.<\/p>\n<div class=\"bbc-19j92fr ebmt73l0\" dir=\"ltr\">\n<p class=\"bbc-hhl7in e17g058b0\" dir=\"ltr\">Pido una oraci\u00f3n especial para el papa Benedicto XVI quien en el silencio esta sosteniendo a la Iglesia. Recu\u00e9rdenlo -est\u00e1 muy enfermo- pidi\u00e9ndole al Se\u00f1or que lo consuele y lo apoye en ese testimonio de amor por la Iglesia, hasta el final&#8221;.<\/p>\n<\/div>\n<div class=\"bbc-19j92fr ebmt73l0\" dir=\"ltr\">\n<p class=\"bbc-hhl7in e17g058b0\" dir=\"ltr\">Benedicto, de 95 a\u00f1os, se convirti\u00f3 en 2013 en el primer l\u00edder de la Iglesia cat\u00f3lica en jubilarse en 600 a\u00f1os, justific\u00e1ndolo por su avanzada edad.<\/p>\n<\/div>\n<p>www.lodelmomentoloja.com<br \/>\n#LDMnoticias #lodelmomentolojaLDM<\/p>\n","protected":false},"excerpt":{"rendered":"<p>\ud83d\ude4f\ud83c\udffb\ud83d\ude47\ud83c\udffb\u200d\u2642\ufe0f\u26ea \u00a1Se encuentra grave! El papa Francisco pidi\u00f3 una oraci\u00f3n por el pont\u00edfice em\u00e9rito Benedicto&#8230;<\/p>\n","protected":false},"author":1,"featured_media":13218,"comment_status":"open","ping_status":"open","sticky":false,"template":"","format":"standard","meta":{"footnotes":""},"categories":[1,4],"tags":[],"class_list":["post-13217","post","type-post","status-publish","format-standard","has-post-thumbnail","hentry","category-inicio","category-internacional"],"_links":{"self":[{"href":"https:\/\/www.lodelmomentoloja.com\/index.php?rest_route=\/wp\/v2\/posts\/13217"}],"collection":[{"href":"https:\/\/www.lodelmomentoloja.com\/index.php?rest_route=\/wp\/v2\/posts"}],"about":[{"href":"https:\/\/www.lodelmomentoloja.com\/index.php?rest_route=\/wp\/v2\/types\/post"}],"author":[{"embeddable":true,"href":"https:\/\/www.lodelmomentoloja.com\/index.php?rest_route=\/wp\/v2\/users\/1"}],"replies":[{"embeddable":true,"href":"https:\/\/www.lodelmomentoloja.com\/index.php?rest_route=%2Fwp%2Fv2%2Fcomments&post=13217"}],"version-history":[{"count":1,"href":"https:\/\/www.lodelmomentoloja.com\/index.php?rest_route=\/wp\/v2\/posts\/13217\/revisions"}],"predecessor-version":[{"id":13219,"href":"https:\/\/www.lodelmomentoloja.com\/index.php?rest_route=\/wp\/v2\/posts\/13217\/revisions\/13219"}],"wp:featuredmedia":[{"embeddable":true,"href":"https:\/\/www.lodelmomentoloja.com\/index.php?rest_route=\/wp\/v2\/media\/13218"}],"wp:attachment":[{"href":"https:\/\/www.lodelmomentoloja.com\/index.php?rest_route=%2Fwp%2Fv2%2Fmedia&parent=13217"}],"wp:term":[{"taxonomy":"category","embeddable":true,"href":"https:\/\/www.lodelmomentoloja.com\/index.php?rest_route=%2Fwp%2Fv2%2Fcategories&post=13217"},{"taxonomy":"post_tag","embeddable":true,"href":"https:\/\/www.lodelmomentoloja.com\/index.php?rest_route=%2Fwp%2Fv2%2Ftags&post=13217"}],"curies":[{"name":"wp","href":"https:\/\/api.w.org\/{rel}","templated":true}]}}