{"id":13194,"date":"2022-12-29T10:19:32","date_gmt":"2022-12-29T10:19:32","guid":{"rendered":"https:\/\/www.lodelmomentoloja.com\/?p=13194"},"modified":"2022-12-29T15:21:34","modified_gmt":"2022-12-29T15:21:34","slug":"ministro-de-transporte-y-obras-publicas-visita-el-sur-del-pais","status":"publish","type":"post","link":"https:\/\/www.lodelmomentoloja.com\/?p=13194","title":{"rendered":"Ministro de Transporte y Obras P\u00fablicas visita el sur del pa\u00eds"},"content":{"rendered":"<p>Ministro de Transporte y Obras P\u00fablicas visita Zamora Chinchipe y Loja<\/p>\n<p>La ma\u00f1ana de este mi\u00e9rcoles 28 de diciembre, arrib\u00f3 a Catamayo el ministro de Transporte y Obras P\u00fablicas, Dar\u00edo Herrera. La finalidad es cumplir la agenda de trabajo para analizar obras y proyectos de relevancia para las provincias del Sur.<\/p>\n<p>En Loja, el secretario de Estado, supervis\u00f3 el proyecto de la ampliaci\u00f3n de la v\u00eda Loja \u2013 Catamayo y recorri\u00f3 las zonas cr\u00edticas de la v\u00eda Paso Lateral de Loja. Adem\u00e1s, inform\u00f3 detalles para la apertura del CEBAF en Macar\u00e1. Durante su estad\u00eda inspeccionar\u00e1 la ruta Vilcabamba &#8211; Palanda &#8211; Bellavista &#8211; Zumba &#8211; La Balsa en Zamora Chinchipe, considerado dentro del cuarto eje vial.<\/p>\n<p>Referente al Paso Lateral, el ministro recalc\u00f3 que, \u201cse tiene presupuestado USD 3.6 millones de d\u00f3lares en el plan de inversiones 2023, el cual contempla la reparaci\u00f3n de los puntos cr\u00edticos de esta obra, que tiene una extensi\u00f3n de 15.5 km. Tenemos los estudios necesarios desde el Ministerio de Transportes y Obras P\u00fablicas para brindar una soluci\u00f3n inmediata\u201d, detall\u00f3.<\/p>\n<p>Sobre la v\u00eda Loja \u2013 Catamayo, sostuvo que, esta obra priorizada por el presidente de la Rep\u00fablica, para el 2023 entrar\u00e1 en un proceso de concesi\u00f3n privada para su construcci\u00f3n. &#8220;Al momento existen propuestas de varias empresas, en enero se tienen previsto levantar estudios de prefactibilidad para conocer el potencial de demanda de la v\u00eda para su posterior concesi\u00f3n y aplicaci\u00f3n, lo que permitir\u00e1 descongestionar el tr\u00e1nsito vehicular\u201d.<\/p>\n<p>Sobre el CEBAF de Macar\u00e1, recalc\u00f3 que al momento 13 de las 15 instituciones del Estado ecuatoriano est\u00e1n listas para ingresar a sus instalaciones, sin embargo, al ser una obra de car\u00e1cter binacional, se espera la participaci\u00f3n de las entidades del Per\u00fa, \u201ctenemos todo listo, pero por cuestiones de car\u00e1cter interno en el vecino pa\u00eds se ha demorado su apertura, pero, nuestras entidades iniciar\u00e1n sus gestiones en las pr\u00f3ximas semanas\u201d.<\/p>\n<p>Fredy Bravo, gobernador de Loja, se\u00f1al\u00f3 que la visita del ministro Herrera es importante, porque ha evidenciado personalmente la problem\u00e1tica vial de Loja y Zamora Chinchipe. Esto permitir\u00e1 que con las gestiones del Gobierno del Encuentro mejore la conectividad terrestre y se fortalezca el desarrollo de la regi\u00f3n Sur.<\/p>\n<p>S\u00edguenos en #LDMnoticias o en #lodelmomentolojaLDM<\/p>\n","protected":false},"excerpt":{"rendered":"<p>Ministro de Transporte y Obras P\u00fablicas visita Zamora Chinchipe y Loja La ma\u00f1ana de este&#8230;<\/p>\n","protected":false},"author":1,"featured_media":13195,"comment_status":"open","ping_status":"open","sticky":false,"template":"","format":"standard","meta":{"footnotes":""},"categories":[7,1,5,6],"tags":[],"class_list":["post-13194","post","type-post","status-publish","format-standard","has-post-thumbnail","hentry","category-ecuador","category-inicio","category-loja","category-zamora"],"_links":{"self":[{"href":"https:\/\/www.lodelmomentoloja.com\/index.php?rest_route=\/wp\/v2\/posts\/13194"}],"collection":[{"href":"https:\/\/www.lodelmomentoloja.com\/index.php?rest_route=\/wp\/v2\/posts"}],"about":[{"href":"https:\/\/www.lodelmomentoloja.com\/index.php?rest_route=\/wp\/v2\/types\/post"}],"author":[{"embeddable":true,"href":"https:\/\/www.lodelmomentoloja.com\/index.php?rest_route=\/wp\/v2\/users\/1"}],"replies":[{"embeddable":true,"href":"https:\/\/www.lodelmomentoloja.com\/index.php?rest_route=%2Fwp%2Fv2%2Fcomments&post=13194"}],"version-history":[{"count":1,"href":"https:\/\/www.lodelmomentoloja.com\/index.php?rest_route=\/wp\/v2\/posts\/13194\/revisions"}],"predecessor-version":[{"id":13196,"href":"https:\/\/www.lodelmomentoloja.com\/index.php?rest_route=\/wp\/v2\/posts\/13194\/revisions\/13196"}],"wp:featuredmedia":[{"embeddable":true,"href":"https:\/\/www.lodelmomentoloja.com\/index.php?rest_route=\/wp\/v2\/media\/13195"}],"wp:attachment":[{"href":"https:\/\/www.lodelmomentoloja.com\/index.php?rest_route=%2Fwp%2Fv2%2Fmedia&parent=13194"}],"wp:term":[{"taxonomy":"category","embeddable":true,"href":"https:\/\/www.lodelmomentoloja.com\/index.php?rest_route=%2Fwp%2Fv2%2Fcategories&post=13194"},{"taxonomy":"post_tag","embeddable":true,"href":"https:\/\/www.lodelmomentoloja.com\/index.php?rest_route=%2Fwp%2Fv2%2Ftags&post=13194"}],"curies":[{"name":"wp","href":"https:\/\/api.w.org\/{rel}","templated":true}]}}